{"id":998,"date":"2022-12-20T20:10:24","date_gmt":"2022-12-20T20:10:24","guid":{"rendered":"https:\/\/ybuenvino.com\/?p=998"},"modified":"2023-09-26T16:13:36","modified_gmt":"2023-09-26T16:13:36","slug":"deja-todo-o-deja-el-vino","status":"publish","type":"post","link":"https:\/\/ybuenvino.com\/index.php\/2022\/12\/20\/deja-todo-o-deja-el-vino\/","title":{"rendered":"Deja todo o deja el vino"},"content":{"rendered":"<p><span style=\"font-weight: 400;\">En algunos de sus m\u00faltiples directos en Instagram durante la pandemia, Santi Rivas ya se preguntaba por qu\u00e9 nunca le hab\u00edan encargado escribir un libro. Son muchos los que con menos fundamento han visto su nombre impreso en uno de estos maravillosos artefactos de transmisi\u00f3n cultural, por lo que era de esperar que el autoproclamado ministro de asuntos del winleverismo patrio (no s\u00e9 si tambi\u00e9n mundial), tuviese la oportunidad de dejar para la posteridad su amplia experiencia y conocimiento del mundo del vino.<\/span><\/p>\n<p><span style=\"font-weight: 400;\"><img loading=\"lazy\" decoding=\"async\" class=\"size-medium wp-image-1001 alignleft\" src=\"https:\/\/ybuenvino.com\/wp-content\/uploads\/2022\/12\/firmavertical_m-138x300.jpg\" alt=\"Santi Rivas firmando\" width=\"138\" height=\"300\" srcset=\"https:\/\/ybuenvino.com\/wp-content\/uploads\/2022\/12\/firmavertical_m-138x300.jpg 138w, https:\/\/ybuenvino.com\/wp-content\/uploads\/2022\/12\/firmavertical_m.jpg 230w\" sizes=\"auto, (max-width: 138px) 100vw, 138px\" \/>Por si hay alg\u00fan despistado, Santi Rivas es el art\u00edfice de Colectivo Decantado, un colectivo unipersonal creado para comunicar en redes sociales cuestiones v\u00ednicas. Su fama fue en crescendo gracias a un estilo atrevido, directo y divertido, apoyado por una s\u00f3lida base de conocimiento y experiencia en el mundo del vino. Se ha convertido en todo un personaje en este mundo a veces demasiado gris y pret\u00e9rito. Es el Enfant Terrible de la comunicaci\u00f3n del vino, un tipo que dice lo que piensa, usando el humor en versi\u00f3n iron\u00eda o s\u00e1tira, seg\u00fan convenga. Lo que todo sector necesita y no siempre es tan f\u00e1cil de encontrar por autocensura, cruce de intereses o incapacidad para encontrar un estilo propicio. Santi Rivas ha superado todos esos obst\u00e1culos y con su potencial comunicativo se ha granjeado una fama inaudita para un comunicador de este sector y por supuesto tambi\u00e9n alguna que otra enemistad, bien correspondida, eso s\u00ed.<\/span><\/p>\n<p><span style=\"font-weight: 400;\">Despu\u00e9s de ese periplo ha llegado el ansiado momento de escribir su primer libro, este \u201cDeja todo o deja el vino\u201d, publicado por la editorial Muddy Water Books. Lo primero que hay que destacar es que Santi Rivas escribe bien. Parece que decir esto de alguien al que publican un libro es una obviedad, pero desgraciadamente y muy a menudo, no es as\u00ed. Santi domina no solo la expresi\u00f3n oral, como ha demostrado con creces y de manera apabullante siempre que tiene ocasi\u00f3n, tambi\u00e9n el arte de la sintaxis adornada con riqueza de vocabulario (normativo y propio), en el marco de un estilo desenfadado y bastante personal. Y esto es muy importante, porque incluso el profano al culto del vino puede disfrutar de este tratado erudito y canalla a la vez.<\/span><\/p>\n<p><span style=\"font-weight: 400;\">Lo que nos encontramos en estas p\u00e1ginas es la visi\u00f3n personal, cualificada y sensitiva de alguien que ha consagrado parte de su vida a beber vino e intentar comunicarlo como nadie antes lo ha hecho, al menos en Espa\u00f1a. Santi tiene una visi\u00f3n clara de cu\u00e1l es su misi\u00f3n como divulgador en este mundo de variedades blancas y tintas: transmitir esa pasi\u00f3n de manera efectiva, acorde con los tiempos. Para ello sigue algunas premisas: hacerlo con humor, evitar tecnicismos, huir de la pedagog\u00eda est\u00e9ril, inventar conceptos propios (vulcanismo, atlanticismo, el mismo t\u00e9rmino \u201cwinelover\u201d que le cost\u00f3 alg\u00fan disgusto con el amiguete P\u00e9rez-Reverte\u2026), y mezclarlo todo con muchos referentes pop. Su estilo es fresco<\/span> <span style=\"font-weight: 400;\">y divagante hasta el punto de que en su discurso a veces el vino parece la excusa, el Mcguffin para hablar de otras cosas. De hecho me ha sorprendido que en el libro se desv\u00eda bastante poco del tema vin\u00edcola para lo que nos tiene acostumbrados (v\u00e9anse las \u00faltimas Instacatas show).<\/span><\/p>\n<p><span style=\"font-weight: 400;\"><img loading=\"lazy\" decoding=\"async\" class=\"size-medium wp-image-1003 alignright\" src=\"https:\/\/ybuenvino.com\/wp-content\/uploads\/2022\/12\/dejatododejaelvinolibro-221x300.jpeg\" alt=\"Deja todo, deja el vino\" width=\"221\" height=\"300\" srcset=\"https:\/\/ybuenvino.com\/wp-content\/uploads\/2022\/12\/dejatododejaelvinolibro-221x300.jpeg 221w, https:\/\/ybuenvino.com\/wp-content\/uploads\/2022\/12\/dejatododejaelvinolibro.jpeg 500w\" sizes=\"auto, (max-width: 221px) 100vw, 221px\" \/>El libro empieza con esos 13 vinos que le jodieron la vida. En los siguientes cap\u00edtulos perpetra una disecci\u00f3n de la fauna y flora que constituye este ecosistema vin\u00edcola. Santi cataloga espec\u00edmenes, aclara conceptos, desenmascara truhanes y falsarios, eleva etiquetas y desmitifica otras, nos gu\u00eda por locales donde se bebe con fundamento, apunta cientos de referencias, destripa mitos y t\u00f3picos, explica su propio glosario de t\u00e9rminos\u2026 todo en el contexto de este juego (o realidad) de sumo sacerdote del winloverismo. Un trabajo de documentaci\u00f3n sobre su propio recorrido vital, ligado irremediablemente al mundo del vino.\u00a0<\/span><\/p>\n<p><span style=\"font-weight: 400;\">Al final lo que queda es un retrato at\u00edpico, entretenido y an\u00e1rquico de una nueva manera de observar el vino. Un nuevo paradigma para gente que le gusta el vino y quiere beber bien, sin complejos y sin tener que impregnarse de naftalina. La apuesta es por vinos originales, complejos, hechos por elaboradores de culto y con etiquetas que han logrado cautivar a gente que busca excelencia y especificidad. Vinos que se defienden en la copa, pero que adem\u00e1s han sido capaces de construir un relato seductor para el consumidor. Hay algo de elitismo, el wineloverismo evidentemente lo es, pero tambi\u00e9n gui\u00f1os para desenvolverse en cualquier liga.\u00a0 Pero en resumen \u00abDeja todo o deja el vino\u00bb nos propociona buen rato de lectura, preferiblemente acompa\u00f1ada de una libreta para apuntar referencias y un vino para maridar este feliz debut ensay\u00edstico. Seguro que habr\u00e1 m\u00e1s, pero mientras tanto, lo dejamos todo para unirnos a este movimiento hedonista y placentero.<\/span><\/p>\n","protected":false},"excerpt":{"rendered":"<p>En algunos de sus m\u00faltiples directos en Instagram durante la pandemia, Santi Rivas ya se preguntaba por qu\u00e9 nunca le hab\u00edan encargado escribir un libro. Son muchos los que con menos fundamento han visto su nombre impreso en uno de estos maravillosos artefactos de transmisi\u00f3n cultural, por lo que era de esperar que el autoproclamado [&hellip;]<\/p>\n","protected":false},"author":1,"featured_media":999,"comment_status":"open","ping_status":"open","sticky":false,"template":"","format":"standard","meta":{"_et_pb_use_builder":"","_et_pb_old_content":"","_et_gb_content_width":"","_monsterinsights_skip_tracking":false,"_monsterinsights_sitenote_active":false,"_monsterinsights_sitenote_note":"","_monsterinsights_sitenote_category":0,"footnotes":""},"categories":[17,7],"tags":[],"class_list":["post-998","post","type-post","status-publish","format-standard","has-post-thumbnail","hentry","category-cultura","category-entrada-1","et-has-post-format-content","et_post_format-et-post-format-standard"],"yoast_head":"<!-- This site is optimized with the Yoast SEO plugin v27.5 - https:\/\/yoast.com\/product\/yoast-seo-wordpress\/ -->\n<title>Deja todo o deja el vino - Y buen vino<\/title>\n<meta name=\"description\" content=\"Rese\u00f1a del libro de Deja todo o deja el vino de Santi Rivas, el debut m\u00e1s esperado en el movimiento winelover de la mano de su principal fundador.\" \/>\n<meta name=\"robots\" content=\"index, follow, max-snippet:-1, max-image-preview:large, max-video-preview:-1\" \/>\n<link rel=\"canonical\" href=\"https:\/\/ybuenvino.com\/index.php\/2022\/12\/20\/deja-todo-o-deja-el-vino\/\" \/>\n<meta property=\"og:locale\" content=\"es_ES\" \/>\n<meta property=\"og:type\" content=\"article\" \/>\n<meta property=\"og:title\" content=\"Deja todo o deja el vino - Y buen vino\" \/>\n<meta property=\"og:description\" content=\"Rese\u00f1a del libro de Deja todo o deja el vino de Santi Rivas, el debut m\u00e1s esperado en el movimiento winelover de la mano de su principal fundador.\" \/>\n<meta property=\"og:url\" content=\"https:\/\/ybuenvino.com\/index.php\/2022\/12\/20\/deja-todo-o-deja-el-vino\/\" \/>\n<meta property=\"og:site_name\" content=\"Y buen vino\" \/>\n<meta property=\"article:publisher\" content=\"https:\/\/www.facebook.com\/Buen-Vino-285329735753671\/\" \/>\n<meta property=\"article:published_time\" content=\"2022-12-20T20:10:24+00:00\" \/>\n<meta property=\"article:modified_time\" content=\"2023-09-26T16:13:36+00:00\" \/>\n<meta property=\"og:image\" content=\"https:\/\/ybuenvino.com\/wp-content\/uploads\/2022\/12\/dejatodoodejaelvino.jpg\" \/>\n\t<meta property=\"og:image:width\" content=\"1000\" \/>\n\t<meta property=\"og:image:height\" content=\"590\" \/>\n\t<meta property=\"og:image:type\" content=\"image\/jpeg\" \/>\n<meta name=\"author\" content=\"Y buen vino\" \/>\n<meta name=\"twitter:card\" content=\"summary_large_image\" \/>\n<meta name=\"twitter:creator\" content=\"@ybuenvino\" \/>\n<meta name=\"twitter:site\" content=\"@ybuenvino\" \/>\n<meta name=\"twitter:label1\" content=\"Escrito por\" \/>\n\t<meta name=\"twitter:data1\" content=\"Y buen vino\" \/>\n\t<meta name=\"twitter:label2\" content=\"Tiempo de lectura\" \/>\n\t<meta name=\"twitter:data2\" content=\"4 minutos\" \/>\n<script type=\"application\/ld+json\" class=\"yoast-schema-graph\">{\"@context\":\"https:\\\/\\\/schema.org\",\"@graph\":[{\"@type\":\"Article\",\"@id\":\"https:\\\/\\\/ybuenvino.com\\\/index.php\\\/2022\\\/12\\\/20\\\/deja-todo-o-deja-el-vino\\\/#article\",\"isPartOf\":{\"@id\":\"https:\\\/\\\/ybuenvino.com\\\/index.php\\\/2022\\\/12\\\/20\\\/deja-todo-o-deja-el-vino\\\/\"},\"author\":{\"name\":\"Y buen vino\",\"@id\":\"https:\\\/\\\/ybuenvino.com\\\/#\\\/schema\\\/person\\\/3a6dc36bc3d11e0bc70eb233c9b51ac5\"},\"headline\":\"Deja todo o deja el vino\",\"datePublished\":\"2022-12-20T20:10:24+00:00\",\"dateModified\":\"2023-09-26T16:13:36+00:00\",\"mainEntityOfPage\":{\"@id\":\"https:\\\/\\\/ybuenvino.com\\\/index.php\\\/2022\\\/12\\\/20\\\/deja-todo-o-deja-el-vino\\\/\"},\"wordCount\":841,\"commentCount\":0,\"publisher\":{\"@id\":\"https:\\\/\\\/ybuenvino.com\\\/#organization\"},\"image\":{\"@id\":\"https:\\\/\\\/ybuenvino.com\\\/index.php\\\/2022\\\/12\\\/20\\\/deja-todo-o-deja-el-vino\\\/#primaryimage\"},\"thumbnailUrl\":\"https:\\\/\\\/ybuenvino.com\\\/wp-content\\\/uploads\\\/2022\\\/12\\\/dejatodoodejaelvino.jpg\",\"articleSection\":[\"Cultura\",\"Entrada 1\"],\"inLanguage\":\"es\",\"potentialAction\":[{\"@type\":\"CommentAction\",\"name\":\"Comment\",\"target\":[\"https:\\\/\\\/ybuenvino.com\\\/index.php\\\/2022\\\/12\\\/20\\\/deja-todo-o-deja-el-vino\\\/#respond\"]}]},{\"@type\":\"WebPage\",\"@id\":\"https:\\\/\\\/ybuenvino.com\\\/index.php\\\/2022\\\/12\\\/20\\\/deja-todo-o-deja-el-vino\\\/\",\"url\":\"https:\\\/\\\/ybuenvino.com\\\/index.php\\\/2022\\\/12\\\/20\\\/deja-todo-o-deja-el-vino\\\/\",\"name\":\"Deja todo o deja el vino - Y buen vino\",\"isPartOf\":{\"@id\":\"https:\\\/\\\/ybuenvino.com\\\/#website\"},\"primaryImageOfPage\":{\"@id\":\"https:\\\/\\\/ybuenvino.com\\\/index.php\\\/2022\\\/12\\\/20\\\/deja-todo-o-deja-el-vino\\\/#primaryimage\"},\"image\":{\"@id\":\"https:\\\/\\\/ybuenvino.com\\\/index.php\\\/2022\\\/12\\\/20\\\/deja-todo-o-deja-el-vino\\\/#primaryimage\"},\"thumbnailUrl\":\"https:\\\/\\\/ybuenvino.com\\\/wp-content\\\/uploads\\\/2022\\\/12\\\/dejatodoodejaelvino.jpg\",\"datePublished\":\"2022-12-20T20:10:24+00:00\",\"dateModified\":\"2023-09-26T16:13:36+00:00\",\"description\":\"Rese\u00f1a del libro de Deja todo o deja el vino de Santi Rivas, el debut m\u00e1s esperado en el movimiento winelover de la mano de su principal fundador.\",\"breadcrumb\":{\"@id\":\"https:\\\/\\\/ybuenvino.com\\\/index.php\\\/2022\\\/12\\\/20\\\/deja-todo-o-deja-el-vino\\\/#breadcrumb\"},\"inLanguage\":\"es\",\"potentialAction\":[{\"@type\":\"ReadAction\",\"target\":[\"https:\\\/\\\/ybuenvino.com\\\/index.php\\\/2022\\\/12\\\/20\\\/deja-todo-o-deja-el-vino\\\/\"]}]},{\"@type\":\"ImageObject\",\"inLanguage\":\"es\",\"@id\":\"https:\\\/\\\/ybuenvino.com\\\/index.php\\\/2022\\\/12\\\/20\\\/deja-todo-o-deja-el-vino\\\/#primaryimage\",\"url\":\"https:\\\/\\\/ybuenvino.com\\\/wp-content\\\/uploads\\\/2022\\\/12\\\/dejatodoodejaelvino.jpg\",\"contentUrl\":\"https:\\\/\\\/ybuenvino.com\\\/wp-content\\\/uploads\\\/2022\\\/12\\\/dejatodoodejaelvino.jpg\",\"width\":1000,\"height\":590,\"caption\":\"Deja todo o deja el vino\"},{\"@type\":\"BreadcrumbList\",\"@id\":\"https:\\\/\\\/ybuenvino.com\\\/index.php\\\/2022\\\/12\\\/20\\\/deja-todo-o-deja-el-vino\\\/#breadcrumb\",\"itemListElement\":[{\"@type\":\"ListItem\",\"position\":1,\"name\":\"Portada\",\"item\":\"https:\\\/\\\/ybuenvino.com\\\/\"},{\"@type\":\"ListItem\",\"position\":2,\"name\":\"Deja todo o deja el vino\"}]},{\"@type\":\"WebSite\",\"@id\":\"https:\\\/\\\/ybuenvino.com\\\/#website\",\"url\":\"https:\\\/\\\/ybuenvino.com\\\/\",\"name\":\"Y buen vino\",\"description\":\"Pasi&oacute;n por el vino\",\"publisher\":{\"@id\":\"https:\\\/\\\/ybuenvino.com\\\/#organization\"},\"potentialAction\":[{\"@type\":\"SearchAction\",\"target\":{\"@type\":\"EntryPoint\",\"urlTemplate\":\"https:\\\/\\\/ybuenvino.com\\\/?s={search_term_string}\"},\"query-input\":{\"@type\":\"PropertyValueSpecification\",\"valueRequired\":true,\"valueName\":\"search_term_string\"}}],\"inLanguage\":\"es\"},{\"@type\":\"Organization\",\"@id\":\"https:\\\/\\\/ybuenvino.com\\\/#organization\",\"name\":\"Y Buen Vino\",\"url\":\"https:\\\/\\\/ybuenvino.com\\\/\",\"logo\":{\"@type\":\"ImageObject\",\"inLanguage\":\"es\",\"@id\":\"https:\\\/\\\/ybuenvino.com\\\/#\\\/schema\\\/logo\\\/image\\\/\",\"url\":\"https:\\\/\\\/ybuenvino.com\\\/wp-content\\\/uploads\\\/2020\\\/07\\\/buenvinomancha.jpg\",\"contentUrl\":\"https:\\\/\\\/ybuenvino.com\\\/wp-content\\\/uploads\\\/2020\\\/07\\\/buenvinomancha.jpg\",\"width\":500,\"height\":500,\"caption\":\"Y Buen Vino\"},\"image\":{\"@id\":\"https:\\\/\\\/ybuenvino.com\\\/#\\\/schema\\\/logo\\\/image\\\/\"},\"sameAs\":[\"https:\\\/\\\/www.facebook.com\\\/Buen-Vino-285329735753671\\\/\",\"https:\\\/\\\/x.com\\\/ybuenvino\",\"https:\\\/\\\/www.instagram.com\\\/ybuenvino\\\/\"]},{\"@type\":\"Person\",\"@id\":\"https:\\\/\\\/ybuenvino.com\\\/#\\\/schema\\\/person\\\/3a6dc36bc3d11e0bc70eb233c9b51ac5\",\"name\":\"Y buen vino\",\"image\":{\"@type\":\"ImageObject\",\"inLanguage\":\"es\",\"@id\":\"https:\\\/\\\/secure.gravatar.com\\\/avatar\\\/ddcb159ff52311e0da6ab147e449200f467643cf24f6f8ac815333c0c84c401e?s=96&d=mm&r=g\",\"url\":\"https:\\\/\\\/secure.gravatar.com\\\/avatar\\\/ddcb159ff52311e0da6ab147e449200f467643cf24f6f8ac815333c0c84c401e?s=96&d=mm&r=g\",\"contentUrl\":\"https:\\\/\\\/secure.gravatar.com\\\/avatar\\\/ddcb159ff52311e0da6ab147e449200f467643cf24f6f8ac815333c0c84c401e?s=96&d=mm&r=g\",\"caption\":\"Y buen vino\"},\"sameAs\":[\"https:\\\/\\\/ybuenvino.com\"]}]}<\/script>\n<!-- \/ Yoast SEO plugin. -->","yoast_head_json":{"title":"Deja todo o deja el vino - Y buen vino","description":"Rese\u00f1a del libro de Deja todo o deja el vino de Santi Rivas, el debut m\u00e1s esperado en el movimiento winelover de la mano de su principal fundador.","robots":{"index":"index","follow":"follow","max-snippet":"max-snippet:-1","max-image-preview":"max-image-preview:large","max-video-preview":"max-video-preview:-1"},"canonical":"https:\/\/ybuenvino.com\/index.php\/2022\/12\/20\/deja-todo-o-deja-el-vino\/","og_locale":"es_ES","og_type":"article","og_title":"Deja todo o deja el vino - Y buen vino","og_description":"Rese\u00f1a del libro de Deja todo o deja el vino de Santi Rivas, el debut m\u00e1s esperado en el movimiento winelover de la mano de su principal fundador.","og_url":"https:\/\/ybuenvino.com\/index.php\/2022\/12\/20\/deja-todo-o-deja-el-vino\/","og_site_name":"Y buen vino","article_publisher":"https:\/\/www.facebook.com\/Buen-Vino-285329735753671\/","article_published_time":"2022-12-20T20:10:24+00:00","article_modified_time":"2023-09-26T16:13:36+00:00","og_image":[{"width":1000,"height":590,"url":"https:\/\/ybuenvino.com\/wp-content\/uploads\/2022\/12\/dejatodoodejaelvino.jpg","type":"image\/jpeg"}],"author":"Y buen vino","twitter_card":"summary_large_image","twitter_creator":"@ybuenvino","twitter_site":"@ybuenvino","twitter_misc":{"Escrito por":"Y buen vino","Tiempo de lectura":"4 minutos"},"schema":{"@context":"https:\/\/schema.org","@graph":[{"@type":"Article","@id":"https:\/\/ybuenvino.com\/index.php\/2022\/12\/20\/deja-todo-o-deja-el-vino\/#article","isPartOf":{"@id":"https:\/\/ybuenvino.com\/index.php\/2022\/12\/20\/deja-todo-o-deja-el-vino\/"},"author":{"name":"Y buen vino","@id":"https:\/\/ybuenvino.com\/#\/schema\/person\/3a6dc36bc3d11e0bc70eb233c9b51ac5"},"headline":"Deja todo o deja el vino","datePublished":"2022-12-20T20:10:24+00:00","dateModified":"2023-09-26T16:13:36+00:00","mainEntityOfPage":{"@id":"https:\/\/ybuenvino.com\/index.php\/2022\/12\/20\/deja-todo-o-deja-el-vino\/"},"wordCount":841,"commentCount":0,"publisher":{"@id":"https:\/\/ybuenvino.com\/#organization"},"image":{"@id":"https:\/\/ybuenvino.com\/index.php\/2022\/12\/20\/deja-todo-o-deja-el-vino\/#primaryimage"},"thumbnailUrl":"https:\/\/ybuenvino.com\/wp-content\/uploads\/2022\/12\/dejatodoodejaelvino.jpg","articleSection":["Cultura","Entrada 1"],"inLanguage":"es","potentialAction":[{"@type":"CommentAction","name":"Comment","target":["https:\/\/ybuenvino.com\/index.php\/2022\/12\/20\/deja-todo-o-deja-el-vino\/#respond"]}]},{"@type":"WebPage","@id":"https:\/\/ybuenvino.com\/index.php\/2022\/12\/20\/deja-todo-o-deja-el-vino\/","url":"https:\/\/ybuenvino.com\/index.php\/2022\/12\/20\/deja-todo-o-deja-el-vino\/","name":"Deja todo o deja el vino - Y buen vino","isPartOf":{"@id":"https:\/\/ybuenvino.com\/#website"},"primaryImageOfPage":{"@id":"https:\/\/ybuenvino.com\/index.php\/2022\/12\/20\/deja-todo-o-deja-el-vino\/#primaryimage"},"image":{"@id":"https:\/\/ybuenvino.com\/index.php\/2022\/12\/20\/deja-todo-o-deja-el-vino\/#primaryimage"},"thumbnailUrl":"https:\/\/ybuenvino.com\/wp-content\/uploads\/2022\/12\/dejatodoodejaelvino.jpg","datePublished":"2022-12-20T20:10:24+00:00","dateModified":"2023-09-26T16:13:36+00:00","description":"Rese\u00f1a del libro de Deja todo o deja el vino de Santi Rivas, el debut m\u00e1s esperado en el movimiento winelover de la mano de su principal fundador.","breadcrumb":{"@id":"https:\/\/ybuenvino.com\/index.php\/2022\/12\/20\/deja-todo-o-deja-el-vino\/#breadcrumb"},"inLanguage":"es","potentialAction":[{"@type":"ReadAction","target":["https:\/\/ybuenvino.com\/index.php\/2022\/12\/20\/deja-todo-o-deja-el-vino\/"]}]},{"@type":"ImageObject","inLanguage":"es","@id":"https:\/\/ybuenvino.com\/index.php\/2022\/12\/20\/deja-todo-o-deja-el-vino\/#primaryimage","url":"https:\/\/ybuenvino.com\/wp-content\/uploads\/2022\/12\/dejatodoodejaelvino.jpg","contentUrl":"https:\/\/ybuenvino.com\/wp-content\/uploads\/2022\/12\/dejatodoodejaelvino.jpg","width":1000,"height":590,"caption":"Deja todo o deja el vino"},{"@type":"BreadcrumbList","@id":"https:\/\/ybuenvino.com\/index.php\/2022\/12\/20\/deja-todo-o-deja-el-vino\/#breadcrumb","itemListElement":[{"@type":"ListItem","position":1,"name":"Portada","item":"https:\/\/ybuenvino.com\/"},{"@type":"ListItem","position":2,"name":"Deja todo o deja el vino"}]},{"@type":"WebSite","@id":"https:\/\/ybuenvino.com\/#website","url":"https:\/\/ybuenvino.com\/","name":"Y buen vino","description":"Pasi&oacute;n por el vino","publisher":{"@id":"https:\/\/ybuenvino.com\/#organization"},"potentialAction":[{"@type":"SearchAction","target":{"@type":"EntryPoint","urlTemplate":"https:\/\/ybuenvino.com\/?s={search_term_string}"},"query-input":{"@type":"PropertyValueSpecification","valueRequired":true,"valueName":"search_term_string"}}],"inLanguage":"es"},{"@type":"Organization","@id":"https:\/\/ybuenvino.com\/#organization","name":"Y Buen Vino","url":"https:\/\/ybuenvino.com\/","logo":{"@type":"ImageObject","inLanguage":"es","@id":"https:\/\/ybuenvino.com\/#\/schema\/logo\/image\/","url":"https:\/\/ybuenvino.com\/wp-content\/uploads\/2020\/07\/buenvinomancha.jpg","contentUrl":"https:\/\/ybuenvino.com\/wp-content\/uploads\/2020\/07\/buenvinomancha.jpg","width":500,"height":500,"caption":"Y Buen Vino"},"image":{"@id":"https:\/\/ybuenvino.com\/#\/schema\/logo\/image\/"},"sameAs":["https:\/\/www.facebook.com\/Buen-Vino-285329735753671\/","https:\/\/x.com\/ybuenvino","https:\/\/www.instagram.com\/ybuenvino\/"]},{"@type":"Person","@id":"https:\/\/ybuenvino.com\/#\/schema\/person\/3a6dc36bc3d11e0bc70eb233c9b51ac5","name":"Y buen vino","image":{"@type":"ImageObject","inLanguage":"es","@id":"https:\/\/secure.gravatar.com\/avatar\/ddcb159ff52311e0da6ab147e449200f467643cf24f6f8ac815333c0c84c401e?s=96&d=mm&r=g","url":"https:\/\/secure.gravatar.com\/avatar\/ddcb159ff52311e0da6ab147e449200f467643cf24f6f8ac815333c0c84c401e?s=96&d=mm&r=g","contentUrl":"https:\/\/secure.gravatar.com\/avatar\/ddcb159ff52311e0da6ab147e449200f467643cf24f6f8ac815333c0c84c401e?s=96&d=mm&r=g","caption":"Y buen vino"},"sameAs":["https:\/\/ybuenvino.com"]}]}},"_links":{"self":[{"href":"https:\/\/ybuenvino.com\/index.php\/wp-json\/wp\/v2\/posts\/998","targetHints":{"allow":["GET"]}}],"collection":[{"href":"https:\/\/ybuenvino.com\/index.php\/wp-json\/wp\/v2\/posts"}],"about":[{"href":"https:\/\/ybuenvino.com\/index.php\/wp-json\/wp\/v2\/types\/post"}],"author":[{"embeddable":true,"href":"https:\/\/ybuenvino.com\/index.php\/wp-json\/wp\/v2\/users\/1"}],"replies":[{"embeddable":true,"href":"https:\/\/ybuenvino.com\/index.php\/wp-json\/wp\/v2\/comments?post=998"}],"version-history":[{"count":8,"href":"https:\/\/ybuenvino.com\/index.php\/wp-json\/wp\/v2\/posts\/998\/revisions"}],"predecessor-version":[{"id":1009,"href":"https:\/\/ybuenvino.com\/index.php\/wp-json\/wp\/v2\/posts\/998\/revisions\/1009"}],"wp:featuredmedia":[{"embeddable":true,"href":"https:\/\/ybuenvino.com\/index.php\/wp-json\/wp\/v2\/media\/999"}],"wp:attachment":[{"href":"https:\/\/ybuenvino.com\/index.php\/wp-json\/wp\/v2\/media?parent=998"}],"wp:term":[{"taxonomy":"category","embeddable":true,"href":"https:\/\/ybuenvino.com\/index.php\/wp-json\/wp\/v2\/categories?post=998"},{"taxonomy":"post_tag","embeddable":true,"href":"https:\/\/ybuenvino.com\/index.php\/wp-json\/wp\/v2\/tags?post=998"}],"curies":[{"name":"wp","href":"https:\/\/api.w.org\/{rel}","templated":true}]}}