{"id":867,"date":"2021-08-31T17:07:14","date_gmt":"2021-08-31T17:07:14","guid":{"rendered":"https:\/\/ybuenvino.com\/?p=867"},"modified":"2022-01-28T20:37:46","modified_gmt":"2022-01-28T20:37:46","slug":"propuestas-para-empezar-el-curso-vinicola","status":"publish","type":"post","link":"https:\/\/ybuenvino.com\/index.php\/2021\/08\/31\/propuestas-para-empezar-el-curso-vinicola\/","title":{"rendered":"Propuestas para empezar el curso vin\u00edcola"},"content":{"rendered":"<p>Para muchos el a\u00f1o empieza en septiembre, quiz\u00e1s como reminiscencia de la gloriosa, o no, \u00e9poca de estudiantes. Septiembre es una mezcla de pereza y de expectativas y buenos prop\u00f3sitos que apetece alcanzar. Con la uva vendimiada, iniciamos el curso vin\u00edcola con algunas propuestas sugerentes que nos ayudar\u00e1n a coger tono. Aqu\u00ed van algunas propuestas vin\u00edcolas para el inicio del curso.<\/p>\n<h4>Organic Wine Iberia<\/h4>\n<p><img loading=\"lazy\" decoding=\"async\" class=\"alignright wp-image-883\" src=\"https:\/\/ybuenvino.com\/wp-content\/uploads\/2021\/08\/organic-300x234.jpg\" alt=\"Organic Wine Iberia\" width=\"200\" height=\"156\" srcset=\"https:\/\/ybuenvino.com\/wp-content\/uploads\/2021\/08\/organic-300x234.jpg 300w, https:\/\/ybuenvino.com\/wp-content\/uploads\/2021\/08\/organic.jpg 337w\" sizes=\"auto, (max-width: 200px) 100vw, 200px\" \/>Es la zona zona dedicada a las mejores bebidas espirituosas ecol\u00f3gicas del panorama internacional, dentro de la Feria <strong>Organic Food Iberia<\/strong> que se celebra los d\u00edas 8 y 9 de septiembre en el IFEMA de Madrid. Estar\u00e1n presentes m\u00e1s de 50 marcas, y tambi\u00e9n han programado charlas y presentaciones de la mano de los principales ponentes de la industria, adem\u00e1s de catas para degustar y valorar la oferta disponible de vinos ecol\u00f3gicos.<\/p>\n<p><a href=\"https:\/\/www.organicfoodiberia.com\/es\/organic-wine-iberia-3\/\" target=\"_blank\" rel=\"noopener\">M\u00e1s informaci\u00f3n.<\/a><\/p>\n<p>&nbsp;<\/p>\n<h4><strong>Experiencias VALENCISO Reserva Rioja<\/strong><\/h4>\n<p>Los amigos de Valenciso nos proponen cuatro charlas en formato webinar, para los cuatro mi\u00e9rcoles de septiembre. Son gratuitas, duran media hora y necesitan de inscripci\u00f3n previa. El programa:<\/p>\n<p><img loading=\"lazy\" decoding=\"async\" class=\"alignright wp-image-872 size-thumbnail\" src=\"https:\/\/ybuenvino.com\/wp-content\/uploads\/2021\/08\/valenciso-150x150.jpg\" alt=\"valenciso\" width=\"150\" height=\"150\" srcset=\"https:\/\/ybuenvino.com\/wp-content\/uploads\/2021\/08\/valenciso-150x150.jpg 150w, https:\/\/ybuenvino.com\/wp-content\/uploads\/2021\/08\/valenciso-300x300.jpg 300w, https:\/\/ybuenvino.com\/wp-content\/uploads\/2021\/08\/valenciso-440x440.jpg 440w, https:\/\/ybuenvino.com\/wp-content\/uploads\/2021\/08\/valenciso.jpg 519w\" sizes=\"auto, (max-width: 150px) 100vw, 150px\" \/>Mi\u00e9rcoles 1 de septiembre. Historias sorprendentes<br \/>\n<a href=\"https:\/\/us02web.zoom.us\/webinar\/register\/WN_3nHN1El8RbqQdTBm9doryA\" target=\"_blank\" rel=\"noopener\">Webinar con Carles Garc\u00eda de Zarandula<\/a><\/p>\n<p>Mi\u00e9rcoles 8 de septiembre. Ecolog\u00eda y enolog\u00eda<br \/>\n<a href=\"https:\/\/us02web.zoom.us\/webinar\/register\/WN_EosHfonhRXCoID4IH2XOQw\" target=\"_blank\" rel=\"noopener\">Webinar con Carlos Fresneda<\/a><\/p>\n<p>Mi\u00e9rcoles 15 de septiembre. Las 200 inc\u00f3gnitas de una ecuaci\u00f3n llamada chuleta.<br \/>\n<a href=\"https:\/\/us02web.zoom.us\/webinar\/register\/WN_Sluy6flmQnGJeVEz_3LeBQ\" target=\"_blank\" rel=\"noopener\">Webinar con Mikel Zeberio<\/a><\/p>\n<p>Mi\u00e9rcoles 22 de septiembre. 2 recetas lucidas y facilonas cocinando con vino<br \/>\n<a href=\"https:\/\/us02web.zoom.us\/webinar\/register\/WN_DyC-U6cASxikl41oFyWsHw\" target=\"_blank\" rel=\"noopener\">Webinar con Carmen Alvo de\u00a0 Guis\u00e1ndome la vida<\/a><\/p>\n<p>M\u00e1s informaci\u00f3n: <a href=\"https:\/\/valenciso.com\/es\/content\/12-eventos\" target=\"_blank\" rel=\"noopener\">https:\/\/valenciso.com\/es\/content\/12-eventos<\/a><\/p>\n<p>&nbsp;<\/p>\n<p><strong>CATA CONCIERTO DOP JUMILLA CON KEN STRINGFELLOW <\/strong>(Fundador The Posies, Guitarrista de REM, Big Star)<\/p>\n<p>La <strong>DOP de Jumilla<\/strong> no para de darnos buenas noticias y alegr\u00edas. Esta vez han montado un concierto con un m\u00fasico que forma parte de la historia del pop internacional, Ken Stringfellow, ex-guitarrista de REM. Cata, tapas, concierto y buen vino, qu\u00e9 m\u00e1s se puede pedir. Con las ganas que tenemos de concierto&#8230;\u00a0 Los datos:<\/p>\n<p>Fiestas de Hell\u00edn<br \/>\nViernes 24 de septiembre 21:00 h.<br \/>\nClub de tenis de Hell\u00edn<br \/>\nAforo ultra reducido<br \/>\nEntrada: 21 Euros + gastos adelantada (Eventbrite pago v\u00eda paypal) \/ 3 euros taquilla.<br \/>\nReservas: promocion@vinosdejumilla.org<\/p>\n<p>La actuaci\u00f3n se repite el domingo 26 en la sala Rockville de Madrid.<\/p>\n<p>M\u00e1s informaci\u00f3n<\/p>\n<blockquote class=\"wp-embedded-content\" data-secret=\"17IeBMvnFK\"><p><a href=\"https:\/\/vinosdejumilla.org\/ken-stringfellow-presentara-sus-temas-mas-intimos-en-torno-a-una-cata-de-vinos-dop-jumilla-como-actividad-previa-a-las-fiestas-de-hellin\/\">Ken Stringfellow presentar\u00e1 sus temas m\u00e1s \u00edntimos en torno a una cata de vinos DOP Jumilla, como actividad previa a las fiestas de Hell\u00edn<\/a><\/p><\/blockquote>\n<p><iframe loading=\"lazy\" class=\"wp-embedded-content\" sandbox=\"allow-scripts\" security=\"restricted\" style=\"position: absolute; clip: rect(1px, 1px, 1px, 1px);\" title=\"&#171;Ken Stringfellow presentar\u00e1 sus temas m\u00e1s \u00edntimos en torno a una cata de vinos DOP Jumilla, como actividad previa a las fiestas de Hell\u00edn&#187; &#8212; Consejo Regulador DOP Jumilla\" src=\"https:\/\/vinosdejumilla.org\/ken-stringfellow-presentara-sus-temas-mas-intimos-en-torno-a-una-cata-de-vinos-dop-jumilla-como-actividad-previa-a-las-fiestas-de-hellin\/embed\/#?secret=17IeBMvnFK\" data-secret=\"17IeBMvnFK\" width=\"600\" height=\"338\" frameborder=\"0\" marginwidth=\"0\" marginheight=\"0\" scrolling=\"no\"><\/iframe><\/p>\n<h4><strong> #aquinoserindenadie<\/strong><\/h4>\n<p><img loading=\"lazy\" decoding=\"async\" class=\"size-medium wp-image-878 alignright\" src=\"https:\/\/ybuenvino.com\/wp-content\/uploads\/2021\/08\/aqycuinoserindenadie-300x257.jpg\" alt=\"Campa\u00f1a Lopez de Haro\" width=\"300\" height=\"257\" srcset=\"https:\/\/ybuenvino.com\/wp-content\/uploads\/2021\/08\/aqycuinoserindenadie-300x257.jpg 300w, https:\/\/ybuenvino.com\/wp-content\/uploads\/2021\/08\/aqycuinoserindenadie-768x657.jpg 768w, https:\/\/ybuenvino.com\/wp-content\/uploads\/2021\/08\/aqycuinoserindenadie.jpg 920w\" sizes=\"auto, (max-width: 300px) 100vw, 300px\" \/>Tambi\u00e9n quer\u00edamos rese\u00f1ar una campa\u00f1a que ha puesto en marcha el grupo <strong>Vintae<\/strong>, en este caso de su bodega en la Rioja, <strong>Hacienda L\u00f3pez de Haro<\/strong> que tiene como protagonistas a los hosteleros. La premisa es, \u201csi hemos llegado hasta aqu\u00ed, ahora no podemos rendirnos\u201d y han creado el hastag #aquinoserindenadie para difundir este contenido. Lo que ofrecen son testimonios de hosteleros que lo han pasado mal durante el COVID, pero que han aguantado el tir\u00f3n. Van a ir colgando videos de las entrevistas con testimonios muy interesantes y emotivos con af\u00e1n de homenajear, pero tambi\u00e9n de visibilizar y apoyar a estos h\u00e9roes de la restauraci\u00f3n. Pod\u00e9is seguirla a trav\u00e9s de esta web <a href=\"https:\/\/aquinoserindenadie.com\/\" target=\"_blank\" rel=\"noopener\">https:\/\/aquinoserindenadie.com\/<\/a><\/p>\n<p>Preparad la mochila, el sacacorchos y las copas, que empezamos.<\/p>\n","protected":false},"excerpt":{"rendered":"<p>Para muchos el a\u00f1o empieza en septiembre, quiz\u00e1s como reminiscencia de la gloriosa, o no, \u00e9poca de estudiantes. Septiembre es una mezcla de pereza y de expectativas y buenos prop\u00f3sitos que apetece alcanzar. Con la uva vendimiada, iniciamos el curso vin\u00edcola con algunas propuestas sugerentes que nos ayudar\u00e1n a coger tono. Aqu\u00ed van algunas propuestas [&hellip;]<\/p>\n","protected":false},"author":1,"featured_media":868,"comment_status":"open","ping_status":"open","sticky":false,"template":"","format":"standard","meta":{"_et_pb_use_builder":"","_et_pb_old_content":"","_et_gb_content_width":"","_monsterinsights_skip_tracking":false,"_monsterinsights_sitenote_active":false,"_monsterinsights_sitenote_note":"","_monsterinsights_sitenote_category":0,"footnotes":""},"categories":[16],"tags":[],"class_list":["post-867","post","type-post","status-publish","format-standard","has-post-thumbnail","hentry","category-noticias","et-has-post-format-content","et_post_format-et-post-format-standard"],"yoast_head":"<!-- This site is optimized with the Yoast SEO plugin v27.5 - https:\/\/yoast.com\/product\/yoast-seo-wordpress\/ -->\n<title>Propuestas para empezar el curso vin\u00edcola - Y buen vino<\/title>\n<meta name=\"description\" content=\"Propuestas de actividades relacionadas con el mundo del vino para este septiembre de 2021.\" \/>\n<meta name=\"robots\" content=\"index, follow, max-snippet:-1, max-image-preview:large, max-video-preview:-1\" \/>\n<link rel=\"canonical\" href=\"https:\/\/ybuenvino.com\/index.php\/2021\/08\/31\/propuestas-para-empezar-el-curso-vinicola\/\" \/>\n<meta property=\"og:locale\" content=\"es_ES\" \/>\n<meta property=\"og:type\" content=\"article\" \/>\n<meta property=\"og:title\" content=\"Propuestas para empezar el curso vin\u00edcola - Y buen vino\" \/>\n<meta property=\"og:description\" content=\"Propuestas de actividades relacionadas con el mundo del vino para este septiembre de 2021.\" \/>\n<meta property=\"og:url\" content=\"https:\/\/ybuenvino.com\/index.php\/2021\/08\/31\/propuestas-para-empezar-el-curso-vinicola\/\" \/>\n<meta property=\"og:site_name\" content=\"Y buen vino\" \/>\n<meta property=\"article:publisher\" content=\"https:\/\/www.facebook.com\/Buen-Vino-285329735753671\/\" \/>\n<meta property=\"article:published_time\" content=\"2021-08-31T17:07:14+00:00\" \/>\n<meta property=\"article:modified_time\" content=\"2022-01-28T20:37:46+00:00\" \/>\n<meta property=\"og:image\" content=\"https:\/\/ybuenvino.com\/wp-content\/uploads\/2021\/08\/SEPTIEMBRE21.jpg\" \/>\n\t<meta property=\"og:image:width\" content=\"1000\" \/>\n\t<meta property=\"og:image:height\" content=\"590\" \/>\n\t<meta property=\"og:image:type\" content=\"image\/jpeg\" \/>\n<meta name=\"author\" content=\"Y buen vino\" \/>\n<meta name=\"twitter:card\" content=\"summary_large_image\" \/>\n<meta name=\"twitter:creator\" content=\"@ybuenvino\" \/>\n<meta name=\"twitter:site\" content=\"@ybuenvino\" \/>\n<meta name=\"twitter:label1\" content=\"Escrito por\" \/>\n\t<meta name=\"twitter:data1\" content=\"Y buen vino\" \/>\n\t<meta name=\"twitter:label2\" content=\"Tiempo de lectura\" \/>\n\t<meta name=\"twitter:data2\" content=\"3 minutos\" \/>\n<script type=\"application\/ld+json\" class=\"yoast-schema-graph\">{\"@context\":\"https:\\\/\\\/schema.org\",\"@graph\":[{\"@type\":\"Article\",\"@id\":\"https:\\\/\\\/ybuenvino.com\\\/index.php\\\/2021\\\/08\\\/31\\\/propuestas-para-empezar-el-curso-vinicola\\\/#article\",\"isPartOf\":{\"@id\":\"https:\\\/\\\/ybuenvino.com\\\/index.php\\\/2021\\\/08\\\/31\\\/propuestas-para-empezar-el-curso-vinicola\\\/\"},\"author\":{\"name\":\"Y buen vino\",\"@id\":\"https:\\\/\\\/ybuenvino.com\\\/#\\\/schema\\\/person\\\/3a6dc36bc3d11e0bc70eb233c9b51ac5\"},\"headline\":\"Propuestas para empezar el curso vin\u00edcola\",\"datePublished\":\"2021-08-31T17:07:14+00:00\",\"dateModified\":\"2022-01-28T20:37:46+00:00\",\"mainEntityOfPage\":{\"@id\":\"https:\\\/\\\/ybuenvino.com\\\/index.php\\\/2021\\\/08\\\/31\\\/propuestas-para-empezar-el-curso-vinicola\\\/\"},\"wordCount\":532,\"commentCount\":0,\"publisher\":{\"@id\":\"https:\\\/\\\/ybuenvino.com\\\/#organization\"},\"image\":{\"@id\":\"https:\\\/\\\/ybuenvino.com\\\/index.php\\\/2021\\\/08\\\/31\\\/propuestas-para-empezar-el-curso-vinicola\\\/#primaryimage\"},\"thumbnailUrl\":\"https:\\\/\\\/ybuenvino.com\\\/wp-content\\\/uploads\\\/2021\\\/08\\\/SEPTIEMBRE21.jpg\",\"articleSection\":[\"Noticias\"],\"inLanguage\":\"es\",\"potentialAction\":[{\"@type\":\"CommentAction\",\"name\":\"Comment\",\"target\":[\"https:\\\/\\\/ybuenvino.com\\\/index.php\\\/2021\\\/08\\\/31\\\/propuestas-para-empezar-el-curso-vinicola\\\/#respond\"]}]},{\"@type\":\"WebPage\",\"@id\":\"https:\\\/\\\/ybuenvino.com\\\/index.php\\\/2021\\\/08\\\/31\\\/propuestas-para-empezar-el-curso-vinicola\\\/\",\"url\":\"https:\\\/\\\/ybuenvino.com\\\/index.php\\\/2021\\\/08\\\/31\\\/propuestas-para-empezar-el-curso-vinicola\\\/\",\"name\":\"Propuestas para empezar el curso vin\u00edcola - Y buen vino\",\"isPartOf\":{\"@id\":\"https:\\\/\\\/ybuenvino.com\\\/#website\"},\"primaryImageOfPage\":{\"@id\":\"https:\\\/\\\/ybuenvino.com\\\/index.php\\\/2021\\\/08\\\/31\\\/propuestas-para-empezar-el-curso-vinicola\\\/#primaryimage\"},\"image\":{\"@id\":\"https:\\\/\\\/ybuenvino.com\\\/index.php\\\/2021\\\/08\\\/31\\\/propuestas-para-empezar-el-curso-vinicola\\\/#primaryimage\"},\"thumbnailUrl\":\"https:\\\/\\\/ybuenvino.com\\\/wp-content\\\/uploads\\\/2021\\\/08\\\/SEPTIEMBRE21.jpg\",\"datePublished\":\"2021-08-31T17:07:14+00:00\",\"dateModified\":\"2022-01-28T20:37:46+00:00\",\"description\":\"Propuestas de actividades relacionadas con el mundo del vino para este septiembre de 2021.\",\"breadcrumb\":{\"@id\":\"https:\\\/\\\/ybuenvino.com\\\/index.php\\\/2021\\\/08\\\/31\\\/propuestas-para-empezar-el-curso-vinicola\\\/#breadcrumb\"},\"inLanguage\":\"es\",\"potentialAction\":[{\"@type\":\"ReadAction\",\"target\":[\"https:\\\/\\\/ybuenvino.com\\\/index.php\\\/2021\\\/08\\\/31\\\/propuestas-para-empezar-el-curso-vinicola\\\/\"]}]},{\"@type\":\"ImageObject\",\"inLanguage\":\"es\",\"@id\":\"https:\\\/\\\/ybuenvino.com\\\/index.php\\\/2021\\\/08\\\/31\\\/propuestas-para-empezar-el-curso-vinicola\\\/#primaryimage\",\"url\":\"https:\\\/\\\/ybuenvino.com\\\/wp-content\\\/uploads\\\/2021\\\/08\\\/SEPTIEMBRE21.jpg\",\"contentUrl\":\"https:\\\/\\\/ybuenvino.com\\\/wp-content\\\/uploads\\\/2021\\\/08\\\/SEPTIEMBRE21.jpg\",\"width\":1000,\"height\":590,\"caption\":\"Propuestas septiembre 21\"},{\"@type\":\"BreadcrumbList\",\"@id\":\"https:\\\/\\\/ybuenvino.com\\\/index.php\\\/2021\\\/08\\\/31\\\/propuestas-para-empezar-el-curso-vinicola\\\/#breadcrumb\",\"itemListElement\":[{\"@type\":\"ListItem\",\"position\":1,\"name\":\"Portada\",\"item\":\"https:\\\/\\\/ybuenvino.com\\\/\"},{\"@type\":\"ListItem\",\"position\":2,\"name\":\"Propuestas para empezar el curso vin\u00edcola\"}]},{\"@type\":\"WebSite\",\"@id\":\"https:\\\/\\\/ybuenvino.com\\\/#website\",\"url\":\"https:\\\/\\\/ybuenvino.com\\\/\",\"name\":\"Y buen vino\",\"description\":\"Pasi&oacute;n por el vino\",\"publisher\":{\"@id\":\"https:\\\/\\\/ybuenvino.com\\\/#organization\"},\"potentialAction\":[{\"@type\":\"SearchAction\",\"target\":{\"@type\":\"EntryPoint\",\"urlTemplate\":\"https:\\\/\\\/ybuenvino.com\\\/?s={search_term_string}\"},\"query-input\":{\"@type\":\"PropertyValueSpecification\",\"valueRequired\":true,\"valueName\":\"search_term_string\"}}],\"inLanguage\":\"es\"},{\"@type\":\"Organization\",\"@id\":\"https:\\\/\\\/ybuenvino.com\\\/#organization\",\"name\":\"Y Buen Vino\",\"url\":\"https:\\\/\\\/ybuenvino.com\\\/\",\"logo\":{\"@type\":\"ImageObject\",\"inLanguage\":\"es\",\"@id\":\"https:\\\/\\\/ybuenvino.com\\\/#\\\/schema\\\/logo\\\/image\\\/\",\"url\":\"https:\\\/\\\/ybuenvino.com\\\/wp-content\\\/uploads\\\/2020\\\/07\\\/buenvinomancha.jpg\",\"contentUrl\":\"https:\\\/\\\/ybuenvino.com\\\/wp-content\\\/uploads\\\/2020\\\/07\\\/buenvinomancha.jpg\",\"width\":500,\"height\":500,\"caption\":\"Y Buen Vino\"},\"image\":{\"@id\":\"https:\\\/\\\/ybuenvino.com\\\/#\\\/schema\\\/logo\\\/image\\\/\"},\"sameAs\":[\"https:\\\/\\\/www.facebook.com\\\/Buen-Vino-285329735753671\\\/\",\"https:\\\/\\\/x.com\\\/ybuenvino\",\"https:\\\/\\\/www.instagram.com\\\/ybuenvino\\\/\"]},{\"@type\":\"Person\",\"@id\":\"https:\\\/\\\/ybuenvino.com\\\/#\\\/schema\\\/person\\\/3a6dc36bc3d11e0bc70eb233c9b51ac5\",\"name\":\"Y buen vino\",\"image\":{\"@type\":\"ImageObject\",\"inLanguage\":\"es\",\"@id\":\"https:\\\/\\\/secure.gravatar.com\\\/avatar\\\/ddcb159ff52311e0da6ab147e449200f467643cf24f6f8ac815333c0c84c401e?s=96&d=mm&r=g\",\"url\":\"https:\\\/\\\/secure.gravatar.com\\\/avatar\\\/ddcb159ff52311e0da6ab147e449200f467643cf24f6f8ac815333c0c84c401e?s=96&d=mm&r=g\",\"contentUrl\":\"https:\\\/\\\/secure.gravatar.com\\\/avatar\\\/ddcb159ff52311e0da6ab147e449200f467643cf24f6f8ac815333c0c84c401e?s=96&d=mm&r=g\",\"caption\":\"Y buen vino\"},\"sameAs\":[\"https:\\\/\\\/ybuenvino.com\"]}]}<\/script>\n<!-- \/ Yoast SEO plugin. -->","yoast_head_json":{"title":"Propuestas para empezar el curso vin\u00edcola - Y buen vino","description":"Propuestas de actividades relacionadas con el mundo del vino para este septiembre de 2021.","robots":{"index":"index","follow":"follow","max-snippet":"max-snippet:-1","max-image-preview":"max-image-preview:large","max-video-preview":"max-video-preview:-1"},"canonical":"https:\/\/ybuenvino.com\/index.php\/2021\/08\/31\/propuestas-para-empezar-el-curso-vinicola\/","og_locale":"es_ES","og_type":"article","og_title":"Propuestas para empezar el curso vin\u00edcola - Y buen vino","og_description":"Propuestas de actividades relacionadas con el mundo del vino para este septiembre de 2021.","og_url":"https:\/\/ybuenvino.com\/index.php\/2021\/08\/31\/propuestas-para-empezar-el-curso-vinicola\/","og_site_name":"Y buen vino","article_publisher":"https:\/\/www.facebook.com\/Buen-Vino-285329735753671\/","article_published_time":"2021-08-31T17:07:14+00:00","article_modified_time":"2022-01-28T20:37:46+00:00","og_image":[{"width":1000,"height":590,"url":"https:\/\/ybuenvino.com\/wp-content\/uploads\/2021\/08\/SEPTIEMBRE21.jpg","type":"image\/jpeg"}],"author":"Y buen vino","twitter_card":"summary_large_image","twitter_creator":"@ybuenvino","twitter_site":"@ybuenvino","twitter_misc":{"Escrito por":"Y buen vino","Tiempo de lectura":"3 minutos"},"schema":{"@context":"https:\/\/schema.org","@graph":[{"@type":"Article","@id":"https:\/\/ybuenvino.com\/index.php\/2021\/08\/31\/propuestas-para-empezar-el-curso-vinicola\/#article","isPartOf":{"@id":"https:\/\/ybuenvino.com\/index.php\/2021\/08\/31\/propuestas-para-empezar-el-curso-vinicola\/"},"author":{"name":"Y buen vino","@id":"https:\/\/ybuenvino.com\/#\/schema\/person\/3a6dc36bc3d11e0bc70eb233c9b51ac5"},"headline":"Propuestas para empezar el curso vin\u00edcola","datePublished":"2021-08-31T17:07:14+00:00","dateModified":"2022-01-28T20:37:46+00:00","mainEntityOfPage":{"@id":"https:\/\/ybuenvino.com\/index.php\/2021\/08\/31\/propuestas-para-empezar-el-curso-vinicola\/"},"wordCount":532,"commentCount":0,"publisher":{"@id":"https:\/\/ybuenvino.com\/#organization"},"image":{"@id":"https:\/\/ybuenvino.com\/index.php\/2021\/08\/31\/propuestas-para-empezar-el-curso-vinicola\/#primaryimage"},"thumbnailUrl":"https:\/\/ybuenvino.com\/wp-content\/uploads\/2021\/08\/SEPTIEMBRE21.jpg","articleSection":["Noticias"],"inLanguage":"es","potentialAction":[{"@type":"CommentAction","name":"Comment","target":["https:\/\/ybuenvino.com\/index.php\/2021\/08\/31\/propuestas-para-empezar-el-curso-vinicola\/#respond"]}]},{"@type":"WebPage","@id":"https:\/\/ybuenvino.com\/index.php\/2021\/08\/31\/propuestas-para-empezar-el-curso-vinicola\/","url":"https:\/\/ybuenvino.com\/index.php\/2021\/08\/31\/propuestas-para-empezar-el-curso-vinicola\/","name":"Propuestas para empezar el curso vin\u00edcola - Y buen vino","isPartOf":{"@id":"https:\/\/ybuenvino.com\/#website"},"primaryImageOfPage":{"@id":"https:\/\/ybuenvino.com\/index.php\/2021\/08\/31\/propuestas-para-empezar-el-curso-vinicola\/#primaryimage"},"image":{"@id":"https:\/\/ybuenvino.com\/index.php\/2021\/08\/31\/propuestas-para-empezar-el-curso-vinicola\/#primaryimage"},"thumbnailUrl":"https:\/\/ybuenvino.com\/wp-content\/uploads\/2021\/08\/SEPTIEMBRE21.jpg","datePublished":"2021-08-31T17:07:14+00:00","dateModified":"2022-01-28T20:37:46+00:00","description":"Propuestas de actividades relacionadas con el mundo del vino para este septiembre de 2021.","breadcrumb":{"@id":"https:\/\/ybuenvino.com\/index.php\/2021\/08\/31\/propuestas-para-empezar-el-curso-vinicola\/#breadcrumb"},"inLanguage":"es","potentialAction":[{"@type":"ReadAction","target":["https:\/\/ybuenvino.com\/index.php\/2021\/08\/31\/propuestas-para-empezar-el-curso-vinicola\/"]}]},{"@type":"ImageObject","inLanguage":"es","@id":"https:\/\/ybuenvino.com\/index.php\/2021\/08\/31\/propuestas-para-empezar-el-curso-vinicola\/#primaryimage","url":"https:\/\/ybuenvino.com\/wp-content\/uploads\/2021\/08\/SEPTIEMBRE21.jpg","contentUrl":"https:\/\/ybuenvino.com\/wp-content\/uploads\/2021\/08\/SEPTIEMBRE21.jpg","width":1000,"height":590,"caption":"Propuestas septiembre 21"},{"@type":"BreadcrumbList","@id":"https:\/\/ybuenvino.com\/index.php\/2021\/08\/31\/propuestas-para-empezar-el-curso-vinicola\/#breadcrumb","itemListElement":[{"@type":"ListItem","position":1,"name":"Portada","item":"https:\/\/ybuenvino.com\/"},{"@type":"ListItem","position":2,"name":"Propuestas para empezar el curso vin\u00edcola"}]},{"@type":"WebSite","@id":"https:\/\/ybuenvino.com\/#website","url":"https:\/\/ybuenvino.com\/","name":"Y buen vino","description":"Pasi&oacute;n por el vino","publisher":{"@id":"https:\/\/ybuenvino.com\/#organization"},"potentialAction":[{"@type":"SearchAction","target":{"@type":"EntryPoint","urlTemplate":"https:\/\/ybuenvino.com\/?s={search_term_string}"},"query-input":{"@type":"PropertyValueSpecification","valueRequired":true,"valueName":"search_term_string"}}],"inLanguage":"es"},{"@type":"Organization","@id":"https:\/\/ybuenvino.com\/#organization","name":"Y Buen Vino","url":"https:\/\/ybuenvino.com\/","logo":{"@type":"ImageObject","inLanguage":"es","@id":"https:\/\/ybuenvino.com\/#\/schema\/logo\/image\/","url":"https:\/\/ybuenvino.com\/wp-content\/uploads\/2020\/07\/buenvinomancha.jpg","contentUrl":"https:\/\/ybuenvino.com\/wp-content\/uploads\/2020\/07\/buenvinomancha.jpg","width":500,"height":500,"caption":"Y Buen Vino"},"image":{"@id":"https:\/\/ybuenvino.com\/#\/schema\/logo\/image\/"},"sameAs":["https:\/\/www.facebook.com\/Buen-Vino-285329735753671\/","https:\/\/x.com\/ybuenvino","https:\/\/www.instagram.com\/ybuenvino\/"]},{"@type":"Person","@id":"https:\/\/ybuenvino.com\/#\/schema\/person\/3a6dc36bc3d11e0bc70eb233c9b51ac5","name":"Y buen vino","image":{"@type":"ImageObject","inLanguage":"es","@id":"https:\/\/secure.gravatar.com\/avatar\/ddcb159ff52311e0da6ab147e449200f467643cf24f6f8ac815333c0c84c401e?s=96&d=mm&r=g","url":"https:\/\/secure.gravatar.com\/avatar\/ddcb159ff52311e0da6ab147e449200f467643cf24f6f8ac815333c0c84c401e?s=96&d=mm&r=g","contentUrl":"https:\/\/secure.gravatar.com\/avatar\/ddcb159ff52311e0da6ab147e449200f467643cf24f6f8ac815333c0c84c401e?s=96&d=mm&r=g","caption":"Y buen vino"},"sameAs":["https:\/\/ybuenvino.com"]}]}},"_links":{"self":[{"href":"https:\/\/ybuenvino.com\/index.php\/wp-json\/wp\/v2\/posts\/867","targetHints":{"allow":["GET"]}}],"collection":[{"href":"https:\/\/ybuenvino.com\/index.php\/wp-json\/wp\/v2\/posts"}],"about":[{"href":"https:\/\/ybuenvino.com\/index.php\/wp-json\/wp\/v2\/types\/post"}],"author":[{"embeddable":true,"href":"https:\/\/ybuenvino.com\/index.php\/wp-json\/wp\/v2\/users\/1"}],"replies":[{"embeddable":true,"href":"https:\/\/ybuenvino.com\/index.php\/wp-json\/wp\/v2\/comments?post=867"}],"version-history":[{"count":14,"href":"https:\/\/ybuenvino.com\/index.php\/wp-json\/wp\/v2\/posts\/867\/revisions"}],"predecessor-version":[{"id":887,"href":"https:\/\/ybuenvino.com\/index.php\/wp-json\/wp\/v2\/posts\/867\/revisions\/887"}],"wp:featuredmedia":[{"embeddable":true,"href":"https:\/\/ybuenvino.com\/index.php\/wp-json\/wp\/v2\/media\/868"}],"wp:attachment":[{"href":"https:\/\/ybuenvino.com\/index.php\/wp-json\/wp\/v2\/media?parent=867"}],"wp:term":[{"taxonomy":"category","embeddable":true,"href":"https:\/\/ybuenvino.com\/index.php\/wp-json\/wp\/v2\/categories?post=867"},{"taxonomy":"post_tag","embeddable":true,"href":"https:\/\/ybuenvino.com\/index.php\/wp-json\/wp\/v2\/tags?post=867"}],"curies":[{"name":"wp","href":"https:\/\/api.w.org\/{rel}","templated":true}]}}