{"id":749,"date":"2021-06-04T16:56:49","date_gmt":"2021-06-04T16:56:49","guid":{"rendered":"https:\/\/ybuenvino.com\/?p=749"},"modified":"2022-01-28T20:40:37","modified_gmt":"2022-01-28T20:40:37","slug":"rioja-diversa","status":"publish","type":"post","link":"https:\/\/ybuenvino.com\/index.php\/2021\/06\/04\/rioja-diversa\/","title":{"rendered":"Rioja diversa"},"content":{"rendered":"<p><span style=\"font-weight: 400;\">\u00bfQui\u00e9n no conoce los vinos de Rioja? Nadie en este pa\u00eds, pero tras ese indiscutible \u00e9xito de popularidad se esconden a\u00fan algunas lagunas, no pocos equ\u00edvocos y bastantes prejuicios sobre la denominaci\u00f3n emblema de nuestro pa\u00eds. Pedro Ballesteros, uno de los pocos Master Wine patrios, arroj\u00f3 luz en una excelente masterclass sobre algunas de estas sombras que en ning\u00fan caso oscurecen la riqueza de una denominaci\u00f3n con vi\u00f1edos, bodegas y vinos tan importantes. Ballesteros data la excelencia del vino de Rioja desde 1862 y achaca tres factores en el desarrollo de los vinos finos de la Rioja, aquellos con calidad y capacidad de guarda: la innovaci\u00f3n desde los pioneros como el Marqu\u00e9s de Riscal o el Marqu\u00e9s de Murrieta; el desarrollo del transporte que permiti\u00f3 exportar vino; y el papel de las bodegas riojanas durante la filoxera, que hicieron lo que pudieron para mantener sus marcas haciendo vinos finos a pesar de aquella peste vin\u00edcola.<\/span><\/p>\n<p><span style=\"font-weight: 400;\"><img loading=\"lazy\" decoding=\"async\" class=\"size-full wp-image-768 alignleft\" src=\"https:\/\/ybuenvino.com\/wp-content\/uploads\/2021\/06\/pedro-ballesteros3.jpg\" alt=\"Pedro Ballesteros\" width=\"175\" height=\"283\" \/>Hoy nadie duda de la calidad y la riqueza de esta regi\u00f3n de fama mundial, pero como todo lo que triunfa, todo lo <em>mainstream<\/em>, tiene sus detractores. Pedro Ballesteros dice que Rioja tiene algo de tot\u00e9mico y que en consecuencia muchos lo atacan con ese \u00edmpetu con el que los adolescentes se rebelan ante sus progenitores, aunque normalmente se acaba volviendo a ellos. Una met\u00e1fora algo forzada pero nada desencaminada.\u00a0<\/span><\/p>\n<p><span style=\"font-weight: 400;\">Una de las claves del \u00e9xito de estos vinos es sin duda esa perfecta relaci\u00f3n entre tradici\u00f3n e innovaci\u00f3n, que ha permitido una evoluci\u00f3n tan espectacular de los vinos de Rioja. Tambi\u00e9n se abord\u00f3 el potencial de las marcas riojanas, la importancia de las cepas viejas y los nuevos m\u00e9todos para trabajarlas, y la cantidad de variedades, m\u00e1s all\u00e1 de la Tempranillo, que enriquecen el vi\u00f1edo riojano. Y para ilustrar tama\u00f1a diversidad y excelencia, pudimos catar estos vinos.<\/span><\/p>\n<h4><span style=\"font-weight: 400;\"><img loading=\"lazy\" decoding=\"async\" class=\"size-medium wp-image-755 alignright\" src=\"https:\/\/ybuenvino.com\/wp-content\/uploads\/2021\/06\/IJALBA_ficha-300x300.jpg\" alt=\"Ijalba Maturana\" width=\"300\" height=\"300\" srcset=\"https:\/\/ybuenvino.com\/wp-content\/uploads\/2021\/06\/IJALBA_ficha-300x300.jpg 300w, https:\/\/ybuenvino.com\/wp-content\/uploads\/2021\/06\/IJALBA_ficha-150x150.jpg 150w, https:\/\/ybuenvino.com\/wp-content\/uploads\/2021\/06\/IJALBA_ficha.jpg 400w\" sizes=\"auto, (max-width: 300px) 100vw, 300px\" \/><\/span><strong>IJALBA MATURANA BLANCA 2019<\/strong><\/h4>\n<p><span style=\"font-weight: 400;\">Un caso muy notable de recuperaci\u00f3n de una variedad casi extinguida, la Maturana. Un blanco con algo de fermentaci\u00f3n en barrica y trabajo con l\u00edas que posibilita un vino fresco, a la vez que untuoso, con volumen en boca y un postgusto algo amargo. En nariz es expresivo con notas a fruta madura que puede recordar a una Chardonnay, pero con matices originales que propicia esta uva. Un gran trabajo de esta bodega, Vi\u00f1a Ijalba, que ya fue pionera en elaborar monovarietales de Tempranillo Blanca, adem\u00e1s de este Maturana.<\/span><\/p>\n<p><span style=\"font-weight: 400;\">http:\/\/ijalba.com\/vinos\/monovarietales-singulares\/maturana-blanca\/8\/es<\/span><\/p>\n<h4><strong><img loading=\"lazy\" decoding=\"async\" class=\"size-medium wp-image-754 alignright\" src=\"https:\/\/ybuenvino.com\/wp-content\/uploads\/2021\/06\/CERROLAISA_ficha-300x300.jpg\" alt=\"Cerro la Isa\" width=\"300\" height=\"300\" srcset=\"https:\/\/ybuenvino.com\/wp-content\/uploads\/2021\/06\/CERROLAISA_ficha-300x300.jpg 300w, https:\/\/ybuenvino.com\/wp-content\/uploads\/2021\/06\/CERROLAISA_ficha-150x150.jpg 150w, https:\/\/ybuenvino.com\/wp-content\/uploads\/2021\/06\/CERROLAISA_ficha.jpg 400w\" sizes=\"auto, (max-width: 300px) 100vw, 300px\" \/>CERRO LA ISA VI\u00d1EDO SINGULAR BLANCO 2019<\/strong><\/h4>\n<p><span style=\"font-weight: 400;\">El primero de los vinos que catamos con esta indicaci\u00f3n geogr\u00e1fica que implica caracter\u00edsticas notables referidas a la edad de las vi\u00f1as, a su rendimiento y al m\u00e9todo de viticultura, y que garantiza que toda la uva proviene del mismo sitio. Cerro la Isa es uno de los tres vi\u00f1edos singulares blancos que tienen en Rioja y se han marcado un vino arriesgado, una mezcla de campo, de variedades \u201cnobles\u201d como la Garnacha Blanca, la Mavas\u00eda o la Viura con otras no tanto como la Turrunt\u00e9s y el Calagra\u00f1o. El resultado: un vino original, sobre todo en nariz, con aromas frutales dulces y de panader\u00eda con un recuerdo a alg\u00fan vino de Sauternes que luego no se corresponde en boca, donde es \u00e1cido y algo glic\u00e9rico. Un vino singular, que no deja indiferente, elaborado por Juan Carlos Sancha.<\/span><\/p>\n<p><a href=\"https:\/\/juancarlossancha.com\/nuestros-vinos\/\"><span style=\"font-weight: 400;\">https:\/\/juancarlossancha.com\/nuestros-vinos\/<\/span><\/a><\/p>\n<h4><img loading=\"lazy\" decoding=\"async\" class=\"size-medium wp-image-756 alignright\" src=\"https:\/\/ybuenvino.com\/wp-content\/uploads\/2021\/06\/LAMONTESA_ficha-300x300.jpg\" alt=\"La Montesa\" width=\"300\" height=\"300\" srcset=\"https:\/\/ybuenvino.com\/wp-content\/uploads\/2021\/06\/LAMONTESA_ficha-300x300.jpg 300w, https:\/\/ybuenvino.com\/wp-content\/uploads\/2021\/06\/LAMONTESA_ficha-150x150.jpg 150w, https:\/\/ybuenvino.com\/wp-content\/uploads\/2021\/06\/LAMONTESA_ficha.jpg 400w\" sizes=\"auto, (max-width: 300px) 100vw, 300px\" \/>LA MONTESA 2018<\/h4>\n<p><span style=\"font-weight: 400;\">El vino garnachero que se ha marcado \u00c1lvaro Palacios con una espectacular relaci\u00f3n calidad precio. Un vino de capa media que en nariz nos da notas muy claras a frutos rojos, frambuesa, grosella\u2026 y que en boca tiene un paso agradable, fresco, bien ensamblado con sus 12 meses de crianza. Una buena representaci\u00f3n de la Garnacha riojana en un vino nada complejo pero tremendamente honesto. Palacios no s\u00f3lo sabe vender vino, tambi\u00e9n sabe ofrecer un producto de calidad para todos los paladares y para cualquier bolsillo. Mucho m\u00e9rito.<\/span><\/p>\n<p><a href=\"https:\/\/alvaropalacios.com\/producto\/la-montesa-2018\/\"><span style=\"font-weight: 400;\">https:\/\/alvaropalacios.com\/producto\/la-montesa-2018\/<\/span><\/a><\/p>\n<p>&nbsp;<\/p>\n<h4><img loading=\"lazy\" decoding=\"async\" class=\"size-medium wp-image-760 alignright\" src=\"https:\/\/ybuenvino.com\/wp-content\/uploads\/2021\/06\/SUZZANE_ficha-300x300.jpg\" alt=\"Suzzane vino\" width=\"300\" height=\"300\" srcset=\"https:\/\/ybuenvino.com\/wp-content\/uploads\/2021\/06\/SUZZANE_ficha-300x300.jpg 300w, https:\/\/ybuenvino.com\/wp-content\/uploads\/2021\/06\/SUZZANE_ficha-150x150.jpg 150w, https:\/\/ybuenvino.com\/wp-content\/uploads\/2021\/06\/SUZZANE_ficha.jpg 400w\" sizes=\"auto, (max-width: 300px) 100vw, 300px\" \/>SUZZANE 2018<\/h4>\n<p><span style=\"font-weight: 400;\">Otra Garnacha Riojana de la mano de Oxer Bastegieta, un joven viticultor vasco que dej\u00f3 el Txakoli para meterse a cultivar garnachas de vi\u00f1as centenarias en la Rioja. Este es un vino m\u00e1s expresivo, de capa alta, con carnosidad y volumen. Un vino interesante que aporta una visi\u00f3n diferente y un compromiso con elaboraciones de m\u00ednima intervenci\u00f3n, en este caso en la Rioja Alta. Y adem\u00e1s el nombre rinde homenaje a la canci\u00f3n de Leonard Cohen\u2026 qu\u00e9 m\u00e1s se puede pedir.<\/span><\/p>\n<p><a href=\"http:\/\/www.oxerwines.com\/?page_id=302\"><span style=\"font-weight: 400;\">http:\/\/www.oxerwines.com\/?page_id=302<\/span><\/a><\/p>\n<p>&nbsp;<\/p>\n<h4><strong><img loading=\"lazy\" decoding=\"async\" class=\"size-medium wp-image-757 alignright\" src=\"https:\/\/ybuenvino.com\/wp-content\/uploads\/2021\/06\/POZOALTO_ficha-300x300.jpg\" alt=\"Pozo Alto vino\" width=\"300\" height=\"300\" srcset=\"https:\/\/ybuenvino.com\/wp-content\/uploads\/2021\/06\/POZOALTO_ficha-300x300.jpg 300w, https:\/\/ybuenvino.com\/wp-content\/uploads\/2021\/06\/POZOALTO_ficha-150x150.jpg 150w, https:\/\/ybuenvino.com\/wp-content\/uploads\/2021\/06\/POZOALTO_ficha.jpg 400w\" sizes=\"auto, (max-width: 300px) 100vw, 300px\" \/>POZO ALTO 2018<\/strong><\/h4>\n<p><span style=\"font-weight: 400;\">El vino creado por Olivier Riviere, productor <em>celebrity<\/em> de los que estamos tan necesitados. Elabora en la Rioja pero no tiene vi\u00f1edos propios, sino que compra a los viticultores riojanos la uva que necesita para sus creaciones. En este caso se trata de un varietal en el que predomina la Graciano de la Rioja Baja (70%), con un 20% de Tempranillo y el resto de Garnacha y Bobal. Viene etiquetado como vi\u00f1a propia, por lo que puede que sea una excepci\u00f3n a la compra de uvas ajenas. En cualquier caso, un vino de pueblo, con mucha fruta en la nariz, capa alta, pimienta, tanino duro propio de la Graciano, no tanto de la madera. Un vino austero, pero con muchos matices.<\/span><\/p>\n<p><a href=\"http:\/\/www.olivier-riviere.com\/\"><span style=\"font-weight: 400;\">http:\/\/www.olivier-riviere.com\/<\/span><\/a><\/p>\n<p>&nbsp;<\/p>\n<h4><strong><img loading=\"lazy\" decoding=\"async\" class=\"size-medium wp-image-753 alignright\" src=\"https:\/\/ybuenvino.com\/wp-content\/uploads\/2021\/06\/CARRAQUINTANA_ficha-300x300.jpg\" alt=\"Carrraquintana\" width=\"300\" height=\"300\" srcset=\"https:\/\/ybuenvino.com\/wp-content\/uploads\/2021\/06\/CARRAQUINTANA_ficha-300x300.jpg 300w, https:\/\/ybuenvino.com\/wp-content\/uploads\/2021\/06\/CARRAQUINTANA_ficha-150x150.jpg 150w, https:\/\/ybuenvino.com\/wp-content\/uploads\/2021\/06\/CARRAQUINTANA_ficha.jpg 400w\" sizes=\"auto, (max-width: 300px) 100vw, 300px\" \/>CARRAQUINTANA DE AMAREN VI\u00d1EDO SINGULAR 2017<\/strong><\/h4>\n<p><span style=\"font-weight: 400;\">Bodegas Amaren es la segunda bodega de Luis Ca\u00f1as. Un proyecto incipiente pero vertebrado por la calidad de su vi\u00f1edos y de sus vinos. Este Carraquintana a\u00fana Tempranillo, Garnacha Graciano y Malvasia Riojana de su vi\u00f1edo Singular para ofrecer un vino joven, fresco, con un tanino muy pulido y con una explosi\u00f3n muy acertada de fruta en boca. Fermentado en huevo de hormig\u00f3n y posterior malol\u00e1ctica en barricas de roble franc\u00e9s, pasa luego 14 meses en barrica donde adquiere este equilibrio perfecto. Grandes posibilidades de guarda, pero ya est\u00e1 muy bueno.<\/span><\/p>\n<p><a href=\"https:\/\/www.bodegasamaren.com\/vinodefinca\/carraquinta\"><span style=\"font-weight: 400;\">https:\/\/www.bodegasamaren.com\/vinodefinca\/carraquinta<\/span><\/a><\/p>\n<p>&nbsp;<\/p>\n<h4><strong><img loading=\"lazy\" decoding=\"async\" class=\"size-medium wp-image-761 alignright\" src=\"https:\/\/ybuenvino.com\/wp-content\/uploads\/2021\/06\/YSIOS_ficha-300x300.jpg\" alt=\"Ysos Las Naves\" width=\"300\" height=\"300\" srcset=\"https:\/\/ybuenvino.com\/wp-content\/uploads\/2021\/06\/YSIOS_ficha-300x300.jpg 300w, https:\/\/ybuenvino.com\/wp-content\/uploads\/2021\/06\/YSIOS_ficha-150x150.jpg 150w, https:\/\/ybuenvino.com\/wp-content\/uploads\/2021\/06\/YSIOS_ficha.jpg 400w\" sizes=\"auto, (max-width: 300px) 100vw, 300px\" \/>YSIOS LAS NAVES 2017<\/strong><\/h4>\n<p><span style=\"font-weight: 400;\">Aqu\u00ed los amigos de Pernod Ricard, aparte de hacer Campo Viejo o Jacob\u2019s Creek, se han marcado esta barbaridad de vino de sus bodegas Ysios. Tempranillo, Garnacha, Graciano y Viura conjugadas para dar placer al m\u00e1s pintado. Un vino equilibrado, con todo en su sitio y proveniente de un vi\u00f1edo singular de antes de 1902, envejecido 16 meses en barrica. Todav\u00eda estamos salivando. Un vino caro que vale lo que cuesta, sin duda.\u00a0<\/span><\/p>\n<p><a href=\"https:\/\/www.bodegasysios.com\/es\/vino-ysios-finca-las-naves\"><span style=\"font-weight: 400;\">https:\/\/www.bodegasysios.com\/es\/vino-ysios-finca-las-naves<\/span><\/a><\/p>\n<p>&nbsp;<\/p>\n<h4><strong><img loading=\"lazy\" decoding=\"async\" class=\"size-medium wp-image-758 alignright\" src=\"https:\/\/ybuenvino.com\/wp-content\/uploads\/2021\/06\/REMIREZDEBANUZA_ficha-300x300.jpg\" alt=\"Rem\u00edrez de Ganuza Reserva\" width=\"300\" height=\"300\" srcset=\"https:\/\/ybuenvino.com\/wp-content\/uploads\/2021\/06\/REMIREZDEBANUZA_ficha-300x300.jpg 300w, https:\/\/ybuenvino.com\/wp-content\/uploads\/2021\/06\/REMIREZDEBANUZA_ficha-150x150.jpg 150w, https:\/\/ybuenvino.com\/wp-content\/uploads\/2021\/06\/REMIREZDEBANUZA_ficha.jpg 400w\" sizes=\"auto, (max-width: 300px) 100vw, 300px\" \/>REM\u00cdREZ DE GANUZA GRAN RESERVA 2011<\/strong><\/h4>\n<p><span style=\"font-weight: 400;\">Casi cerrando la cata aparece la Tempranillo en su versi\u00f3n m\u00e1s cl\u00e1sica y genuina. Esos grandes reservas que crearon el mito de la Rioja Alta y a los que siempre es un placer volver a visitar. Uno de ellos es este Remirez De Ganuza, un vino se\u00f1orial, de alta concentraci\u00f3n, t\u00e1nico pero equilibrado y con una visi\u00f3n m\u00e1s contempor\u00e1nea de lo que parece. Est\u00e1 muy bueno. Es la t\u00edpica botella que nunca defrauda.<\/span><\/p>\n<p><a href=\"https:\/\/remirezdeganuza.com\/vinos-remirez-ganuza.html\"><span style=\"font-weight: 400;\">https:\/\/remirezdeganuza.com\/vinos-remirez-ganuza.html<\/span><\/a><\/p>\n<p>&nbsp;<\/p>\n<h4><strong><img loading=\"lazy\" decoding=\"async\" class=\"size-medium wp-image-759 alignright\" src=\"https:\/\/ybuenvino.com\/wp-content\/uploads\/2021\/06\/RIOJAALTA904_ficha-300x300.jpg\" alt=\"Rioja Alta 904 Reserva\" width=\"300\" height=\"300\" srcset=\"https:\/\/ybuenvino.com\/wp-content\/uploads\/2021\/06\/RIOJAALTA904_ficha-300x300.jpg 300w, https:\/\/ybuenvino.com\/wp-content\/uploads\/2021\/06\/RIOJAALTA904_ficha-150x150.jpg 150w, https:\/\/ybuenvino.com\/wp-content\/uploads\/2021\/06\/RIOJAALTA904_ficha.jpg 400w\" sizes=\"auto, (max-width: 300px) 100vw, 300px\" \/>LA RIOJA ALTA GRAN RESERVA 904 2011<\/strong><\/h4>\n<p><span style=\"font-weight: 400;\">Cerramos la cata y el reportaje con este cl\u00e1sico incontestable. Un vino memorable, original, genuino en su versi\u00f3n gran reserva. Su tono teja denota que sus uvas fueron recolectadas hace m\u00e1s de diez a\u00f1os. En nariz tiene una complejidad singular, con una confluencia de aromas frutales, bals\u00e1micos, confitados, especiados, ahumados, dulces\u2026 que le da una personalidad \u00fanica y que hay que entender. Pero lo mejor es su paso en boca, cuando a pesar de los a\u00f1os nos encontramos con un vino a\u00fan vivo, mimado por el abrazo de la madera. Un gran sabor de boca para acabar una cata memorable.<\/span><\/p>\n<p><a href=\"https:\/\/www.riojalta.com\/vinos_rioja-alta\/gran-reserva-904\/\"><span style=\"font-weight: 400;\">https:\/\/www.riojalta.com\/vinos_rioja-alta\/gran-reserva-904\/<\/span><\/a><\/p>\n","protected":false},"excerpt":{"rendered":"<p>\u00bfQui\u00e9n no conoce los vinos de Rioja? Nadie en este pa\u00eds, pero tras ese indiscutible \u00e9xito de popularidad se esconden a\u00fan algunas lagunas, no pocos equ\u00edvocos y bastantes prejuicios sobre la denominaci\u00f3n emblema de nuestro pa\u00eds. Pedro Ballesteros, uno de los pocos Master Wine patrios, arroj\u00f3 luz en una excelente masterclass sobre algunas de estas [&hellip;]<\/p>\n","protected":false},"author":1,"featured_media":763,"comment_status":"open","ping_status":"open","sticky":false,"template":"","format":"standard","meta":{"_et_pb_use_builder":"","_et_pb_old_content":"","_et_gb_content_width":"","_monsterinsights_skip_tracking":false,"_monsterinsights_sitenote_active":false,"_monsterinsights_sitenote_note":"","_monsterinsights_sitenote_category":0,"footnotes":""},"categories":[15],"tags":[],"class_list":["post-749","post","type-post","status-publish","format-standard","has-post-thumbnail","hentry","category-catas","et-has-post-format-content","et_post_format-et-post-format-standard"],"yoast_head":"<!-- This site is optimized with the Yoast SEO plugin v27.5 - https:\/\/yoast.com\/product\/yoast-seo-wordpress\/ -->\n<title>Rioja diversa - Y buen vino<\/title>\n<meta name=\"description\" content=\"Un repaso por la diversidad y excelencia de los vinos de Rioja por el Master of Wine, Pedro Ballesteros. Catamos 9 vinazos que te presenteamos en este reportaje.\" \/>\n<meta name=\"robots\" content=\"index, follow, max-snippet:-1, max-image-preview:large, max-video-preview:-1\" \/>\n<link rel=\"canonical\" href=\"https:\/\/ybuenvino.com\/index.php\/2021\/06\/04\/rioja-diversa\/\" \/>\n<meta property=\"og:locale\" content=\"es_ES\" \/>\n<meta property=\"og:type\" content=\"article\" \/>\n<meta property=\"og:title\" content=\"Rioja diversa - Y buen vino\" \/>\n<meta property=\"og:description\" content=\"Un repaso por la diversidad y excelencia de los vinos de Rioja por el Master of Wine, Pedro Ballesteros. Catamos 9 vinazos que te presenteamos en este reportaje.\" \/>\n<meta property=\"og:url\" content=\"https:\/\/ybuenvino.com\/index.php\/2021\/06\/04\/rioja-diversa\/\" \/>\n<meta property=\"og:site_name\" content=\"Y buen vino\" \/>\n<meta property=\"article:publisher\" content=\"https:\/\/www.facebook.com\/Buen-Vino-285329735753671\/\" \/>\n<meta property=\"article:published_time\" content=\"2021-06-04T16:56:49+00:00\" \/>\n<meta property=\"article:modified_time\" content=\"2022-01-28T20:40:37+00:00\" \/>\n<meta property=\"og:image\" content=\"https:\/\/ybuenvino.com\/wp-content\/uploads\/2021\/06\/CABECERAPOSTRIOJA.jpg\" \/>\n\t<meta property=\"og:image:width\" content=\"1000\" \/>\n\t<meta property=\"og:image:height\" content=\"590\" \/>\n\t<meta property=\"og:image:type\" content=\"image\/jpeg\" \/>\n<meta name=\"author\" content=\"Y buen vino\" \/>\n<meta name=\"twitter:card\" content=\"summary_large_image\" \/>\n<meta name=\"twitter:creator\" content=\"@ybuenvino\" \/>\n<meta name=\"twitter:site\" content=\"@ybuenvino\" \/>\n<meta name=\"twitter:label1\" content=\"Escrito por\" \/>\n\t<meta name=\"twitter:data1\" content=\"Y buen vino\" \/>\n\t<meta name=\"twitter:label2\" content=\"Tiempo de lectura\" \/>\n\t<meta name=\"twitter:data2\" content=\"8 minutos\" \/>\n<script type=\"application\/ld+json\" class=\"yoast-schema-graph\">{\"@context\":\"https:\\\/\\\/schema.org\",\"@graph\":[{\"@type\":\"Article\",\"@id\":\"https:\\\/\\\/ybuenvino.com\\\/index.php\\\/2021\\\/06\\\/04\\\/rioja-diversa\\\/#article\",\"isPartOf\":{\"@id\":\"https:\\\/\\\/ybuenvino.com\\\/index.php\\\/2021\\\/06\\\/04\\\/rioja-diversa\\\/\"},\"author\":{\"name\":\"Y buen vino\",\"@id\":\"https:\\\/\\\/ybuenvino.com\\\/#\\\/schema\\\/person\\\/3a6dc36bc3d11e0bc70eb233c9b51ac5\"},\"headline\":\"Rioja diversa\",\"datePublished\":\"2021-06-04T16:56:49+00:00\",\"dateModified\":\"2022-01-28T20:40:37+00:00\",\"mainEntityOfPage\":{\"@id\":\"https:\\\/\\\/ybuenvino.com\\\/index.php\\\/2021\\\/06\\\/04\\\/rioja-diversa\\\/\"},\"wordCount\":1330,\"commentCount\":0,\"publisher\":{\"@id\":\"https:\\\/\\\/ybuenvino.com\\\/#organization\"},\"image\":{\"@id\":\"https:\\\/\\\/ybuenvino.com\\\/index.php\\\/2021\\\/06\\\/04\\\/rioja-diversa\\\/#primaryimage\"},\"thumbnailUrl\":\"https:\\\/\\\/ybuenvino.com\\\/wp-content\\\/uploads\\\/2021\\\/06\\\/CABECERAPOSTRIOJA.jpg\",\"articleSection\":[\"Catas\"],\"inLanguage\":\"es\",\"potentialAction\":[{\"@type\":\"CommentAction\",\"name\":\"Comment\",\"target\":[\"https:\\\/\\\/ybuenvino.com\\\/index.php\\\/2021\\\/06\\\/04\\\/rioja-diversa\\\/#respond\"]}]},{\"@type\":\"WebPage\",\"@id\":\"https:\\\/\\\/ybuenvino.com\\\/index.php\\\/2021\\\/06\\\/04\\\/rioja-diversa\\\/\",\"url\":\"https:\\\/\\\/ybuenvino.com\\\/index.php\\\/2021\\\/06\\\/04\\\/rioja-diversa\\\/\",\"name\":\"Rioja diversa - Y buen vino\",\"isPartOf\":{\"@id\":\"https:\\\/\\\/ybuenvino.com\\\/#website\"},\"primaryImageOfPage\":{\"@id\":\"https:\\\/\\\/ybuenvino.com\\\/index.php\\\/2021\\\/06\\\/04\\\/rioja-diversa\\\/#primaryimage\"},\"image\":{\"@id\":\"https:\\\/\\\/ybuenvino.com\\\/index.php\\\/2021\\\/06\\\/04\\\/rioja-diversa\\\/#primaryimage\"},\"thumbnailUrl\":\"https:\\\/\\\/ybuenvino.com\\\/wp-content\\\/uploads\\\/2021\\\/06\\\/CABECERAPOSTRIOJA.jpg\",\"datePublished\":\"2021-06-04T16:56:49+00:00\",\"dateModified\":\"2022-01-28T20:40:37+00:00\",\"description\":\"Un repaso por la diversidad y excelencia de los vinos de Rioja por el Master of Wine, Pedro Ballesteros. Catamos 9 vinazos que te presenteamos en este reportaje.\",\"breadcrumb\":{\"@id\":\"https:\\\/\\\/ybuenvino.com\\\/index.php\\\/2021\\\/06\\\/04\\\/rioja-diversa\\\/#breadcrumb\"},\"inLanguage\":\"es\",\"potentialAction\":[{\"@type\":\"ReadAction\",\"target\":[\"https:\\\/\\\/ybuenvino.com\\\/index.php\\\/2021\\\/06\\\/04\\\/rioja-diversa\\\/\"]}]},{\"@type\":\"ImageObject\",\"inLanguage\":\"es\",\"@id\":\"https:\\\/\\\/ybuenvino.com\\\/index.php\\\/2021\\\/06\\\/04\\\/rioja-diversa\\\/#primaryimage\",\"url\":\"https:\\\/\\\/ybuenvino.com\\\/wp-content\\\/uploads\\\/2021\\\/06\\\/CABECERAPOSTRIOJA.jpg\",\"contentUrl\":\"https:\\\/\\\/ybuenvino.com\\\/wp-content\\\/uploads\\\/2021\\\/06\\\/CABECERAPOSTRIOJA.jpg\",\"width\":1000,\"height\":590,\"caption\":\"Vinos de Rioja\"},{\"@type\":\"BreadcrumbList\",\"@id\":\"https:\\\/\\\/ybuenvino.com\\\/index.php\\\/2021\\\/06\\\/04\\\/rioja-diversa\\\/#breadcrumb\",\"itemListElement\":[{\"@type\":\"ListItem\",\"position\":1,\"name\":\"Portada\",\"item\":\"https:\\\/\\\/ybuenvino.com\\\/\"},{\"@type\":\"ListItem\",\"position\":2,\"name\":\"Rioja diversa\"}]},{\"@type\":\"WebSite\",\"@id\":\"https:\\\/\\\/ybuenvino.com\\\/#website\",\"url\":\"https:\\\/\\\/ybuenvino.com\\\/\",\"name\":\"Y buen vino\",\"description\":\"Pasi&oacute;n por el vino\",\"publisher\":{\"@id\":\"https:\\\/\\\/ybuenvino.com\\\/#organization\"},\"potentialAction\":[{\"@type\":\"SearchAction\",\"target\":{\"@type\":\"EntryPoint\",\"urlTemplate\":\"https:\\\/\\\/ybuenvino.com\\\/?s={search_term_string}\"},\"query-input\":{\"@type\":\"PropertyValueSpecification\",\"valueRequired\":true,\"valueName\":\"search_term_string\"}}],\"inLanguage\":\"es\"},{\"@type\":\"Organization\",\"@id\":\"https:\\\/\\\/ybuenvino.com\\\/#organization\",\"name\":\"Y Buen Vino\",\"url\":\"https:\\\/\\\/ybuenvino.com\\\/\",\"logo\":{\"@type\":\"ImageObject\",\"inLanguage\":\"es\",\"@id\":\"https:\\\/\\\/ybuenvino.com\\\/#\\\/schema\\\/logo\\\/image\\\/\",\"url\":\"https:\\\/\\\/ybuenvino.com\\\/wp-content\\\/uploads\\\/2020\\\/07\\\/buenvinomancha.jpg\",\"contentUrl\":\"https:\\\/\\\/ybuenvino.com\\\/wp-content\\\/uploads\\\/2020\\\/07\\\/buenvinomancha.jpg\",\"width\":500,\"height\":500,\"caption\":\"Y Buen Vino\"},\"image\":{\"@id\":\"https:\\\/\\\/ybuenvino.com\\\/#\\\/schema\\\/logo\\\/image\\\/\"},\"sameAs\":[\"https:\\\/\\\/www.facebook.com\\\/Buen-Vino-285329735753671\\\/\",\"https:\\\/\\\/x.com\\\/ybuenvino\",\"https:\\\/\\\/www.instagram.com\\\/ybuenvino\\\/\"]},{\"@type\":\"Person\",\"@id\":\"https:\\\/\\\/ybuenvino.com\\\/#\\\/schema\\\/person\\\/3a6dc36bc3d11e0bc70eb233c9b51ac5\",\"name\":\"Y buen vino\",\"image\":{\"@type\":\"ImageObject\",\"inLanguage\":\"es\",\"@id\":\"https:\\\/\\\/secure.gravatar.com\\\/avatar\\\/ddcb159ff52311e0da6ab147e449200f467643cf24f6f8ac815333c0c84c401e?s=96&d=mm&r=g\",\"url\":\"https:\\\/\\\/secure.gravatar.com\\\/avatar\\\/ddcb159ff52311e0da6ab147e449200f467643cf24f6f8ac815333c0c84c401e?s=96&d=mm&r=g\",\"contentUrl\":\"https:\\\/\\\/secure.gravatar.com\\\/avatar\\\/ddcb159ff52311e0da6ab147e449200f467643cf24f6f8ac815333c0c84c401e?s=96&d=mm&r=g\",\"caption\":\"Y buen vino\"},\"sameAs\":[\"https:\\\/\\\/ybuenvino.com\"]}]}<\/script>\n<!-- \/ Yoast SEO plugin. -->","yoast_head_json":{"title":"Rioja diversa - Y buen vino","description":"Un repaso por la diversidad y excelencia de los vinos de Rioja por el Master of Wine, Pedro Ballesteros. Catamos 9 vinazos que te presenteamos en este reportaje.","robots":{"index":"index","follow":"follow","max-snippet":"max-snippet:-1","max-image-preview":"max-image-preview:large","max-video-preview":"max-video-preview:-1"},"canonical":"https:\/\/ybuenvino.com\/index.php\/2021\/06\/04\/rioja-diversa\/","og_locale":"es_ES","og_type":"article","og_title":"Rioja diversa - Y buen vino","og_description":"Un repaso por la diversidad y excelencia de los vinos de Rioja por el Master of Wine, Pedro Ballesteros. Catamos 9 vinazos que te presenteamos en este reportaje.","og_url":"https:\/\/ybuenvino.com\/index.php\/2021\/06\/04\/rioja-diversa\/","og_site_name":"Y buen vino","article_publisher":"https:\/\/www.facebook.com\/Buen-Vino-285329735753671\/","article_published_time":"2021-06-04T16:56:49+00:00","article_modified_time":"2022-01-28T20:40:37+00:00","og_image":[{"width":1000,"height":590,"url":"https:\/\/ybuenvino.com\/wp-content\/uploads\/2021\/06\/CABECERAPOSTRIOJA.jpg","type":"image\/jpeg"}],"author":"Y buen vino","twitter_card":"summary_large_image","twitter_creator":"@ybuenvino","twitter_site":"@ybuenvino","twitter_misc":{"Escrito por":"Y buen vino","Tiempo de lectura":"8 minutos"},"schema":{"@context":"https:\/\/schema.org","@graph":[{"@type":"Article","@id":"https:\/\/ybuenvino.com\/index.php\/2021\/06\/04\/rioja-diversa\/#article","isPartOf":{"@id":"https:\/\/ybuenvino.com\/index.php\/2021\/06\/04\/rioja-diversa\/"},"author":{"name":"Y buen vino","@id":"https:\/\/ybuenvino.com\/#\/schema\/person\/3a6dc36bc3d11e0bc70eb233c9b51ac5"},"headline":"Rioja diversa","datePublished":"2021-06-04T16:56:49+00:00","dateModified":"2022-01-28T20:40:37+00:00","mainEntityOfPage":{"@id":"https:\/\/ybuenvino.com\/index.php\/2021\/06\/04\/rioja-diversa\/"},"wordCount":1330,"commentCount":0,"publisher":{"@id":"https:\/\/ybuenvino.com\/#organization"},"image":{"@id":"https:\/\/ybuenvino.com\/index.php\/2021\/06\/04\/rioja-diversa\/#primaryimage"},"thumbnailUrl":"https:\/\/ybuenvino.com\/wp-content\/uploads\/2021\/06\/CABECERAPOSTRIOJA.jpg","articleSection":["Catas"],"inLanguage":"es","potentialAction":[{"@type":"CommentAction","name":"Comment","target":["https:\/\/ybuenvino.com\/index.php\/2021\/06\/04\/rioja-diversa\/#respond"]}]},{"@type":"WebPage","@id":"https:\/\/ybuenvino.com\/index.php\/2021\/06\/04\/rioja-diversa\/","url":"https:\/\/ybuenvino.com\/index.php\/2021\/06\/04\/rioja-diversa\/","name":"Rioja diversa - Y buen vino","isPartOf":{"@id":"https:\/\/ybuenvino.com\/#website"},"primaryImageOfPage":{"@id":"https:\/\/ybuenvino.com\/index.php\/2021\/06\/04\/rioja-diversa\/#primaryimage"},"image":{"@id":"https:\/\/ybuenvino.com\/index.php\/2021\/06\/04\/rioja-diversa\/#primaryimage"},"thumbnailUrl":"https:\/\/ybuenvino.com\/wp-content\/uploads\/2021\/06\/CABECERAPOSTRIOJA.jpg","datePublished":"2021-06-04T16:56:49+00:00","dateModified":"2022-01-28T20:40:37+00:00","description":"Un repaso por la diversidad y excelencia de los vinos de Rioja por el Master of Wine, Pedro Ballesteros. Catamos 9 vinazos que te presenteamos en este reportaje.","breadcrumb":{"@id":"https:\/\/ybuenvino.com\/index.php\/2021\/06\/04\/rioja-diversa\/#breadcrumb"},"inLanguage":"es","potentialAction":[{"@type":"ReadAction","target":["https:\/\/ybuenvino.com\/index.php\/2021\/06\/04\/rioja-diversa\/"]}]},{"@type":"ImageObject","inLanguage":"es","@id":"https:\/\/ybuenvino.com\/index.php\/2021\/06\/04\/rioja-diversa\/#primaryimage","url":"https:\/\/ybuenvino.com\/wp-content\/uploads\/2021\/06\/CABECERAPOSTRIOJA.jpg","contentUrl":"https:\/\/ybuenvino.com\/wp-content\/uploads\/2021\/06\/CABECERAPOSTRIOJA.jpg","width":1000,"height":590,"caption":"Vinos de Rioja"},{"@type":"BreadcrumbList","@id":"https:\/\/ybuenvino.com\/index.php\/2021\/06\/04\/rioja-diversa\/#breadcrumb","itemListElement":[{"@type":"ListItem","position":1,"name":"Portada","item":"https:\/\/ybuenvino.com\/"},{"@type":"ListItem","position":2,"name":"Rioja diversa"}]},{"@type":"WebSite","@id":"https:\/\/ybuenvino.com\/#website","url":"https:\/\/ybuenvino.com\/","name":"Y buen vino","description":"Pasi&oacute;n por el vino","publisher":{"@id":"https:\/\/ybuenvino.com\/#organization"},"potentialAction":[{"@type":"SearchAction","target":{"@type":"EntryPoint","urlTemplate":"https:\/\/ybuenvino.com\/?s={search_term_string}"},"query-input":{"@type":"PropertyValueSpecification","valueRequired":true,"valueName":"search_term_string"}}],"inLanguage":"es"},{"@type":"Organization","@id":"https:\/\/ybuenvino.com\/#organization","name":"Y Buen Vino","url":"https:\/\/ybuenvino.com\/","logo":{"@type":"ImageObject","inLanguage":"es","@id":"https:\/\/ybuenvino.com\/#\/schema\/logo\/image\/","url":"https:\/\/ybuenvino.com\/wp-content\/uploads\/2020\/07\/buenvinomancha.jpg","contentUrl":"https:\/\/ybuenvino.com\/wp-content\/uploads\/2020\/07\/buenvinomancha.jpg","width":500,"height":500,"caption":"Y Buen Vino"},"image":{"@id":"https:\/\/ybuenvino.com\/#\/schema\/logo\/image\/"},"sameAs":["https:\/\/www.facebook.com\/Buen-Vino-285329735753671\/","https:\/\/x.com\/ybuenvino","https:\/\/www.instagram.com\/ybuenvino\/"]},{"@type":"Person","@id":"https:\/\/ybuenvino.com\/#\/schema\/person\/3a6dc36bc3d11e0bc70eb233c9b51ac5","name":"Y buen vino","image":{"@type":"ImageObject","inLanguage":"es","@id":"https:\/\/secure.gravatar.com\/avatar\/ddcb159ff52311e0da6ab147e449200f467643cf24f6f8ac815333c0c84c401e?s=96&d=mm&r=g","url":"https:\/\/secure.gravatar.com\/avatar\/ddcb159ff52311e0da6ab147e449200f467643cf24f6f8ac815333c0c84c401e?s=96&d=mm&r=g","contentUrl":"https:\/\/secure.gravatar.com\/avatar\/ddcb159ff52311e0da6ab147e449200f467643cf24f6f8ac815333c0c84c401e?s=96&d=mm&r=g","caption":"Y buen vino"},"sameAs":["https:\/\/ybuenvino.com"]}]}},"_links":{"self":[{"href":"https:\/\/ybuenvino.com\/index.php\/wp-json\/wp\/v2\/posts\/749","targetHints":{"allow":["GET"]}}],"collection":[{"href":"https:\/\/ybuenvino.com\/index.php\/wp-json\/wp\/v2\/posts"}],"about":[{"href":"https:\/\/ybuenvino.com\/index.php\/wp-json\/wp\/v2\/types\/post"}],"author":[{"embeddable":true,"href":"https:\/\/ybuenvino.com\/index.php\/wp-json\/wp\/v2\/users\/1"}],"replies":[{"embeddable":true,"href":"https:\/\/ybuenvino.com\/index.php\/wp-json\/wp\/v2\/comments?post=749"}],"version-history":[{"count":14,"href":"https:\/\/ybuenvino.com\/index.php\/wp-json\/wp\/v2\/posts\/749\/revisions"}],"predecessor-version":[{"id":777,"href":"https:\/\/ybuenvino.com\/index.php\/wp-json\/wp\/v2\/posts\/749\/revisions\/777"}],"wp:featuredmedia":[{"embeddable":true,"href":"https:\/\/ybuenvino.com\/index.php\/wp-json\/wp\/v2\/media\/763"}],"wp:attachment":[{"href":"https:\/\/ybuenvino.com\/index.php\/wp-json\/wp\/v2\/media?parent=749"}],"wp:term":[{"taxonomy":"category","embeddable":true,"href":"https:\/\/ybuenvino.com\/index.php\/wp-json\/wp\/v2\/categories?post=749"},{"taxonomy":"post_tag","embeddable":true,"href":"https:\/\/ybuenvino.com\/index.php\/wp-json\/wp\/v2\/tags?post=749"}],"curies":[{"name":"wp","href":"https:\/\/api.w.org\/{rel}","templated":true}]}}