{"id":549,"date":"2021-02-27T20:44:03","date_gmt":"2021-02-27T20:44:03","guid":{"rendered":"https:\/\/ybuenvino.com\/?p=549"},"modified":"2022-01-28T20:42:36","modified_gmt":"2022-01-28T20:42:36","slug":"blancos-ferementados-en-barrica-el-sutil-abrazo-de-la-madera","status":"publish","type":"post","link":"https:\/\/ybuenvino.com\/index.php\/2021\/02\/27\/blancos-ferementados-en-barrica-el-sutil-abrazo-de-la-madera\/","title":{"rendered":"Blancos fermentados en barrica. El sutil abrazo de la madera"},"content":{"rendered":"<p>Los blancos tambi\u00e9n son para el invierno. Nos atrever\u00edamos a decir que en todas sus variedades y elaboraciones, pero en este reportaje vamos a centrarnos en aquellos que se han gestado en vientre de madera. Se trata de un tipo de elaboraci\u00f3n que, sin ser nueva, no goza de la popularidad que le corresponder\u00eda por los resultados que ofrece. Los franceses en esto tambi\u00e9n nos llevan algo de ventaja y sus blancos, de regiones como Chablis, han empezado a despertar tambi\u00e9n aqu\u00ed el inter\u00e9s por esta vinificaci\u00f3n. Eso si, en el rango de precio de los vinos que os proponemos hoy, entre diez y veinte euros, vais a encontrar muy poquitas cosas mejores m\u00e1s all\u00e1 de los Pirineos.<\/p>\n<p>Los fermentados en barrica son vinos vers\u00e1tiles que en la mesa tienen un amplio recorrido\u00a0 para el maridaje y que en la copa potencian sabores y aportan matices propios. Todo gracias a que han realizado el proceso crucial de la fermentaci\u00f3n entre tablas, como los grandes artistas del flamenco. Ojo, hablamos de fermentaci\u00f3n, no de crianza. La crianza se refiere al envejecimiento del vino ya fermentado. Aqu\u00ed nos retrotraemos al momento mismo en el que el mosto metamorfosea para convertirse en nuestra bebida favorita, lo que no quita para que despu\u00e9s de fermentado, pase algunos meses envejeciendo tambi\u00e9n en barrica. Pero tened en cuenta que son cosas diferentes que influyen de manera distinta en el resultado final del vino.<\/p>\n<p>Antes de entrar en materia os recordamos que los reconocer\u00e9is por su aromas ahumados y a fruta madura. Son vinos que, si renunciar a la frescura, hacen que en boca se nos impregne la madurez de la fruta que le da vigor, gracias a la untuosidad y cierta sensaci\u00f3n grasa o cremosa. Se pueden tomar entre los 8 y 12 grados de temperatura. Su estructura es compleja y ampl\u00eda las posibilidades de maridaje que ofrecen los vinos blancos fermentados en otro tipo de dep\u00f3sitos, pero tambi\u00e9n son muy adecuados para el placer de tomar una buena copa preferiblemente en buena compa\u00f1\u00eda. Tienen capacidad de guarda, pero j\u00f3venes tienen su gracia por esa combinaci\u00f3n entre acidez y madera que los hace especiales de por s\u00ed.<\/p>\n<p>Si vas acompa\u00f1ado a un restaurante con alguien que se aferra a los tintos, un blanco fermentado en barrica es una buena incitaci\u00f3n a probar otras posibilidades. Por su untuosidad, su largo postgusto, por la matizaci\u00f3n de la acidez gracias a la fermentaci\u00f3n malol\u00e1ctica, son muy atractivos para los que van m\u00e1s all\u00e1 del tinto para todo y del blanco fresquito.<\/p>\n<p>Os proponemos cinco ejemplos de diferentes procedencias y elaborados con uvas distintas, que pueden ilustrar muy bien de lo que hablamos. Cinco vinos al alcance de todos los bolsillos que aportan algo nuevo a nuestros paladares.<\/p>\n<div id=\"attachment_578\" style=\"width: 1034px\" class=\"wp-caption aligncenter\"><img loading=\"lazy\" decoding=\"async\" aria-describedby=\"caption-attachment-578\" class=\"wp-image-578 size-large\" src=\"https:\/\/ybuenvino.com\/wp-content\/uploads\/2021\/02\/fermentadosenbarrica-1024x472.jpg\" alt=\"Fermentados en Barrica\" width=\"1024\" height=\"472\" srcset=\"https:\/\/ybuenvino.com\/wp-content\/uploads\/2021\/02\/fermentadosenbarrica-1024x472.jpg 1024w, https:\/\/ybuenvino.com\/wp-content\/uploads\/2021\/02\/fermentadosenbarrica-300x138.jpg 300w, https:\/\/ybuenvino.com\/wp-content\/uploads\/2021\/02\/fermentadosenbarrica-768x354.jpg 768w, https:\/\/ybuenvino.com\/wp-content\/uploads\/2021\/02\/fermentadosenbarrica-1536x708.jpg 1536w, https:\/\/ybuenvino.com\/wp-content\/uploads\/2021\/02\/fermentadosenbarrica-1080x498.jpg 1080w, https:\/\/ybuenvino.com\/wp-content\/uploads\/2021\/02\/fermentadosenbarrica.jpg 2000w\" sizes=\"auto, (max-width: 1024px) 100vw, 1024px\" \/><p id=\"caption-attachment-578\" class=\"wp-caption-text\">Fermentados en Barrica<\/p><\/div>\n<h6><\/h6>\n<p>&nbsp;<\/p>\n<h6>Eresma Fermentado en Barrica<\/h6>\n<p><img loading=\"lazy\" decoding=\"async\" class=\"size-medium wp-image-568 alignright\" src=\"https:\/\/ybuenvino.com\/wp-content\/uploads\/2021\/02\/FICHADECATA_eresma-1-300x300.jpg\" alt=\"Eresma Fermentado en Barrica\" width=\"300\" height=\"300\" srcset=\"https:\/\/ybuenvino.com\/wp-content\/uploads\/2021\/02\/FICHADECATA_eresma-1-300x300.jpg 300w, https:\/\/ybuenvino.com\/wp-content\/uploads\/2021\/02\/FICHADECATA_eresma-1-150x150.jpg 150w, https:\/\/ybuenvino.com\/wp-content\/uploads\/2021\/02\/FICHADECATA_eresma-1.jpg 400w\" sizes=\"auto, (max-width: 300px) 100vw, 300px\" \/>Comenzamos nuestro recorrido en Rueda, alma mater de la Verdejo, con la que se elaboran los blancos m\u00e1s bebidos en nuestro pa\u00eds. Paramos en Olmedo (Valladolid) para degustar el vino que nos proponen en Eresma-La Soterra\u00f1a, una de esas bodegas fundadas por la pasi\u00f3n de un grupo de amigos por hacer buen vino. Llevan 15 a\u00f1os elaborando, trabajando la Verdejo con respeto y pasi\u00f3n y sus vinos gozan ya de reconocimiento tanto dentro como fuera de nuestras fronteras.<\/p>\n<p>Su fermentado en barrica est\u00e1 hecho con Verdejos de vi\u00f1as centenarias. Ha pasado 8 meses fermentando en barrica y despu\u00e9s ha sido ensamblado en dep\u00f3sito con crianza en sus l\u00edas y finalmente ha pasado al menos 4 meses en botella. El resultado es un vino vigoroso, bien estructurado, pero sin perder frescura ni las caracter\u00edsticas organol\u00e9pticas de una Verdejo bien tratada. En la copa nos encontramos con un amarillo lim\u00f3n, intenso y con toques verdosos, sin perder la capa baja.\u00a0 En nariz es una delicia arom\u00e1tica con notas propias de los blancos fermentados en barrica, algo de flores y recuerdos a fruta tropical. En boca es untuoso, algo graso y con su acidez domesticada por la madera que te deja un buen y largo postgusto. Tiene recorrido en botella, es decir, lo puedes guardar para m\u00e1s adelante, y el vino no har\u00e1 m\u00e1s que progresar adecuadamente, como especifican las notas escolares de los ni\u00f1os. Tuvimos oportunidad de catar una a\u00f1ada anterior y damos fe de ello. Una visi\u00f3n distinta del Rueda cl\u00e1sico que merece mucho la pena probar.<\/p>\n<p>M\u00e1s informaci\u00f3n: <a href=\"https:\/\/bodegaslasoterrana.com\/vino\/eresma-fermentado-en-barrica\/\" target=\"_blank\" rel=\"noopener\">https:\/\/bodegaslasoterrana.com\/vino\/eresma-fermentado-en-barrica\/<\/a><\/p>\n<p>&nbsp;<\/p>\n<h6>Valenciso Fermentado en Barrica<\/h6>\n<p>Nos vamos hasta la Rioja Alta, famosa por sus tintos, si, pero con una trayectoria interesant\u00edsima en vinos blancos. Valenciso es una bodega fundada en 1998 que forma parte de Grandes Pagos de Espa\u00f1a. Todos sus pagos se cultivan en ecol\u00f3gico y practican una agricultura de bajo rendimiento en busca de la calidad y el respeto a la vi\u00f1a. Exportan m\u00e1s de la mitad de su producci\u00f3n, pero afortunadamente todav\u00eda podemos disfrutar en casa sus grandes vinos.<\/p>\n<p><img loading=\"lazy\" decoding=\"async\" class=\"size-medium wp-image-561 alignright\" src=\"https:\/\/ybuenvino.com\/wp-content\/uploads\/2021\/02\/FICHADECATA_valenciso-300x300.jpg\" alt=\"Valenciso\" width=\"300\" height=\"300\" srcset=\"https:\/\/ybuenvino.com\/wp-content\/uploads\/2021\/02\/FICHADECATA_valenciso-300x300.jpg 300w, https:\/\/ybuenvino.com\/wp-content\/uploads\/2021\/02\/FICHADECATA_valenciso-150x150.jpg 150w, https:\/\/ybuenvino.com\/wp-content\/uploads\/2021\/02\/FICHADECATA_valenciso.jpg 400w\" sizes=\"auto, (max-width: 300px) 100vw, 300px\" \/>Este Valenciso est\u00e1 elaborado con Viuras y Garnachas Blancas. La Viura es una uva que adem\u00e1s de adaptarse muy bien a diferentes orograf\u00edas, ofrece grandes posibilidades para la crianza en madera, cosa en la que son expertos en Rioja. Nos encontramos con un vino de capa baja, de manera que podr\u00edamos utilizar la copa como lupa de aumento para leer la letra peque\u00f1a de un contrato con trampa. De amarillo pajizo tiene toda la impresi\u00f3n de un jovenzuelo con muchas pretensiones que luego, como percibiremos en el paso por boca, cumple con creces. En nariz tiene esos aromas a fruta madura (pera, albaricoque), a los ahumados, a las esencias de panader\u00eda que aporta la fermentaci\u00f3n en barrica. En boca es amplio, con una acidez presente pero matizada. Untuoso, redondo, te deja un postgusto largo y agradecido por contener una fruta tan bien tratada. Intuimos una capacidad de guarda larga y placentera. Es muy capaz de acompa\u00f1ar una comida con platos diversos. Lo hemos probado con unos pescados al horno, con sushi y con unas tapas de embutido de aperitivo y ha mostrado una versatilidad encomiable.<\/p>\n<p>M\u00e1s informaci\u00f3n:<a href=\"https:\/\/valenciso.com\/es\/vino-blanco\/30-vino-blanco-75-cl.html\" target=\"_blank\" rel=\"noopener\"> https:\/\/valenciso.com\/es\/vino-blanco\/30-vino-blanco-75-cl.html<\/a><\/p>\n<p>&nbsp;<\/p>\n<h6>Las Moradas de San Mart\u00edn, Albillo Real 2019<\/h6>\n<p><img loading=\"lazy\" decoding=\"async\" class=\"size-medium wp-image-564 alignright\" src=\"https:\/\/ybuenvino.com\/wp-content\/uploads\/2021\/02\/FICHADECATA_lasmoradasdesanmartin-300x300.jpg\" alt=\"Las Moradas Albillo Real\" width=\"300\" height=\"300\" srcset=\"https:\/\/ybuenvino.com\/wp-content\/uploads\/2021\/02\/FICHADECATA_lasmoradasdesanmartin-300x300.jpg 300w, https:\/\/ybuenvino.com\/wp-content\/uploads\/2021\/02\/FICHADECATA_lasmoradasdesanmartin-150x150.jpg 150w, https:\/\/ybuenvino.com\/wp-content\/uploads\/2021\/02\/FICHADECATA_lasmoradasdesanmartin.jpg 400w\" sizes=\"auto, (max-width: 300px) 100vw, 300px\" \/>San Mart\u00edn de Valdeiglesias, en Madrid, siempre fue una localidad vin\u00edcola de gran prestigio por sus vinos potentes, de alta graduaci\u00f3n, que eran apreciados por su longevidad. Su viticultura ha ido evolucionando y en la actualidad nos encontramos bodegas tan interesantes como Moradas de San Mart\u00edn que cultivan unas Garnachas estupendas y tambi\u00e9n Albillo Real, la variedad blanca de la que hoy os hablamos.<\/p>\n<p>En esta ocasi\u00f3n nos encontramos con un blanco bastante diferenciado por las caracter\u00edsticas de la uva con la que se elabora. La Albillo Real es una variedad en plena recuperaci\u00f3n y reivindicaci\u00f3n en los vinos de Madrid. Son uvas que dan blancos peculiares, de acidez media y reconocibles por un toque amargo que los hace muy aptos para el maridaje. Este est\u00e1 muy bueno. Quiz\u00e1 se note menos en nariz el paso por barrica, y sin embargo en boca queda la untuosidad y la estructura de un vino que ha crecido en contacto con la madera. Adem\u00e1s tiene un toque mineral, por los suelos gran\u00edticos de donde procede, que te hace salivar y anhelar el siguiente trago. Le va bien algo de oxigenaci\u00f3n y cuando entras en su juego, es un vino delicioso; para maridar, como dec\u00edamos, pero tambi\u00e9n para disfrutar perfectamente en una copa. Un fermentado en barrica original si quieres sorprender con algo nuevo a tus amistades.<\/p>\n<p>M\u00e1s informaci\u00f3n: <a href=\"https:\/\/lasmoradasdesanmartin.es\/vino\/albillo-real-2019\/\" target=\"_blank\" rel=\"noopener\">https:\/\/lasmoradasdesanmartin.es\/vino\/albillo-real-2019\/<\/a><\/p>\n<p>&nbsp;<\/p>\n<h6>Enate Chardonnay<\/h6>\n<p><img loading=\"lazy\" decoding=\"async\" class=\"size-medium wp-image-565 alignright\" src=\"https:\/\/ybuenvino.com\/wp-content\/uploads\/2021\/02\/FICHADECATA_enate-300x300.jpg\" alt=\"Enate Chardonnay\" width=\"300\" height=\"300\" srcset=\"https:\/\/ybuenvino.com\/wp-content\/uploads\/2021\/02\/FICHADECATA_enate-300x300.jpg 300w, https:\/\/ybuenvino.com\/wp-content\/uploads\/2021\/02\/FICHADECATA_enate-150x150.jpg 150w, https:\/\/ybuenvino.com\/wp-content\/uploads\/2021\/02\/FICHADECATA_enate.jpg 400w\" sizes=\"auto, (max-width: 300px) 100vw, 300px\" \/>Enate es una de las bodegas emblem\u00e1ticas de los vinos de Somontano. Este a\u00f1o cumplen 30 a\u00f1os de andadura, en los que han consolidado vinos memorables. Apuestan por una m\u00ednima intervenci\u00f3n, sin renunciar a los avances en enolog\u00eda. Tienen vinos de diversas variedades y se adaptan a lo que la tierra y la climatolog\u00eda ofrecen en cada a\u00f1ada. Una sab\u00eda decisi\u00f3n que nos proporciona a los consumidores vinos diferenciados en funci\u00f3n de lo que la madre naturaleza nos depara en cada momento. Adem\u00e1s apuestan por ese maridaje entre el vino y el arte que tanto nos interesa en Y Buen Vino.<\/p>\n<p>Al principio de este recorrido alud\u00edamos a la iniciativa de los franceses para este tipo de elaboraci\u00f3n en los blancos, pues bien, aqu\u00ed nos encontramos con la variedad que probablemente inspir\u00f3 est\u00e1 manera de entender estos vinos, la Chardonnay, una uva todoterreno y quiz\u00e1s de las m\u00e1s apropiadas entre las variedades blancas para fermentar en barrica. Sus propiedades organol\u00e9pticas quedan ensalzadas por el abrazo de la madera, pero no siempre se logra el estado de gracia que alcanza este Enate Chardonnay. Sus efluvios son una fiesta gracias a sus aromas poderosos a frutas tropicales, boller\u00eda, ahumados y tambi\u00e9n recuerdos a flores frescas. Podr\u00edamos pasar unas vacaciones enteras con la nariz metida en la copa. En boca es amplio, untuoso, y con un recorrido complejo y completo de sensaciones, que lo vuelve muy goloso. Mucho peligro en estos 750 cl, que funcionan con casi todo. Una joyita embotellada que ofrece grandes posibilidades de disfrute.<\/p>\n<p>M\u00e1s informaci\u00f3n:<a href=\"https:\/\/www.enate.es\/tienda\/chardonnay-fermentado-en-barrica\/\" target=\"_blank\" rel=\"noopener\"> https:\/\/www.enate.es\/tienda\/chardonnay-fermentado-en-barrica\/<\/a><\/p>\n<p>&nbsp;<\/p>\n<h6>Jos\u00e9 Pariente Fermentado en Barrica<\/h6>\n<p><img loading=\"lazy\" decoding=\"async\" class=\"size-medium wp-image-563 alignright\" src=\"https:\/\/ybuenvino.com\/wp-content\/uploads\/2021\/02\/FICHADECATA_josepariente-300x300.jpg\" alt=\"Jos\u00e9 Pariente\" width=\"300\" height=\"300\" srcset=\"https:\/\/ybuenvino.com\/wp-content\/uploads\/2021\/02\/FICHADECATA_josepariente-300x300.jpg 300w, https:\/\/ybuenvino.com\/wp-content\/uploads\/2021\/02\/FICHADECATA_josepariente-150x150.jpg 150w, https:\/\/ybuenvino.com\/wp-content\/uploads\/2021\/02\/FICHADECATA_josepariente.jpg 400w\" sizes=\"auto, (max-width: 300px) 100vw, 300px\" \/>Acabamos donde empezamos, en Rueda, de la mano de Jos\u00e9 Pariente, una bodega familiar de tercera generaci\u00f3n que ha logrado diferenciarse en una denominaci\u00f3n tan concurrida. Su transici\u00f3n hacia la viticultura ecol\u00f3gica y su empe\u00f1o por la innovaci\u00f3n empiezan a ser justamente reconocidos. El buen trabajo tiene recompensa y nos encontramos con unos vinos bien valorados en copas y mesas.<\/p>\n<p>Este fermentado en barrica contiene las esencias de esa elaboraci\u00f3n de la Verdejo que ha encumbrado a la bodega, con un sutil toque de barrica. Y decimos sutil, porque quiz\u00e1s sea el fermentado en barrica menos apreciable de los de este reportaje, lo que le hace muy adecuado por si quer\u00e9is ir probando este tipo de fermentaci\u00f3n poco a poco. En esta ocasi\u00f3n el abrazo es m\u00e1s bien una caricia. As\u00ed, en nariz nos topamos con notas bals\u00e1micas, c\u00edtricas, pomelo. En boca es largo, algo untuoso, pero sin perder acidez respecto a los blancos de la casa. La madera afina, pero la apuesta por la frescura en este vino es muy clara. Si queremos apreciar un poco m\u00e1s los efectos de su proceso de fermentaci\u00f3n, quiz\u00e1s hay que consumirlo por encima de los ocho grados. Tiene un toque amargo al final bastante l\u00f3gico en esta vinificaci\u00f3n, y que adem\u00e1s deja intuir un buen proceso de guarda. Es un vino elegante, que bien puede servir de introducci\u00f3n a este apasionante mundo que a\u00fana blancos y barricas.<\/p>\n<p>M\u00e1s informaci\u00f3n:<a href=\"https:\/\/josepariente.com\/producto\/jose-pariente-fermentado-en-barrica\/\" target=\"_blank\" rel=\"noopener\"> https:\/\/josepariente.com\/producto\/jose-pariente-fermentado-en-barrica\/<\/a><\/p>\n<p>Hasta aqu\u00ed este peque\u00f1o recorrido por estos grandes vinos que valen mucho m\u00e1s de lo que cuestan, y que nos introducen en una dimensi\u00f3n diferente y placentera en el mundo de los blancos. Afortunadamente esta es una peque\u00f1\u00edsima muestra de los que podemos encontrar sobre esta manera de entender los vinos blancos y su relaci\u00f3n con la madera, as\u00ed que como en las mejores sagas, lo dejamos con un <em>to be continued&#8230;<\/em><\/p>\n","protected":false},"excerpt":{"rendered":"<p>Los blancos tambi\u00e9n son para el invierno. Nos atrever\u00edamos a decir que en todas sus variedades y elaboraciones, pero en este reportaje vamos a centrarnos en aquellos que se han gestado en vientre de madera. Se trata de un tipo de elaboraci\u00f3n que, sin ser nueva, no goza de la popularidad que le corresponder\u00eda por [&hellip;]<\/p>\n","protected":false},"author":1,"featured_media":552,"comment_status":"open","ping_status":"open","sticky":false,"template":"","format":"standard","meta":{"_et_pb_use_builder":"","_et_pb_old_content":"","_et_gb_content_width":"","_monsterinsights_skip_tracking":false,"_monsterinsights_sitenote_active":false,"_monsterinsights_sitenote_note":"","_monsterinsights_sitenote_category":0,"footnotes":""},"categories":[15],"tags":[43,42,41,44,40],"class_list":["post-549","post","type-post","status-publish","format-standard","has-post-thumbnail","hentry","category-catas","tag-albillo-real","tag-chardonnay","tag-garnacha-blanca","tag-verdejo","tag-viura","et-has-post-format-content","et_post_format-et-post-format-standard"],"yoast_head":"<!-- This site is optimized with the Yoast SEO plugin v27.5 - https:\/\/yoast.com\/product\/yoast-seo-wordpress\/ -->\n<title>Blancos fermentados en barrica. El sutil abrazo de la madera - Y buen vino<\/title>\n<meta name=\"description\" content=\"Un recorrido por cinco vinos blancos fermentados en barrica, elaborados con uvas tan diversas como la Verdejo, Viura y Garnacha blanca, Chardonnay y Albillo Real.\" \/>\n<meta name=\"robots\" content=\"index, follow, max-snippet:-1, max-image-preview:large, max-video-preview:-1\" \/>\n<link rel=\"canonical\" href=\"https:\/\/ybuenvino.com\/index.php\/2021\/02\/27\/blancos-ferementados-en-barrica-el-sutil-abrazo-de-la-madera\/\" \/>\n<meta property=\"og:locale\" content=\"es_ES\" \/>\n<meta property=\"og:type\" content=\"article\" \/>\n<meta property=\"og:title\" content=\"Blancos fermentados en barrica. El sutil abrazo de la madera - Y buen vino\" \/>\n<meta property=\"og:description\" content=\"Un recorrido por cinco vinos blancos fermentados en barrica, elaborados con uvas tan diversas como la Verdejo, Viura y Garnacha blanca, Chardonnay y Albillo Real.\" \/>\n<meta property=\"og:url\" content=\"https:\/\/ybuenvino.com\/index.php\/2021\/02\/27\/blancos-ferementados-en-barrica-el-sutil-abrazo-de-la-madera\/\" \/>\n<meta property=\"og:site_name\" content=\"Y buen vino\" \/>\n<meta property=\"article:publisher\" content=\"https:\/\/www.facebook.com\/Buen-Vino-285329735753671\/\" \/>\n<meta property=\"article:published_time\" content=\"2021-02-27T20:44:03+00:00\" \/>\n<meta property=\"article:modified_time\" content=\"2022-01-28T20:42:36+00:00\" \/>\n<meta property=\"og:image\" content=\"https:\/\/ybuenvino.com\/wp-content\/uploads\/2021\/02\/cabeceragris.jpg\" \/>\n\t<meta property=\"og:image:width\" content=\"1000\" \/>\n\t<meta property=\"og:image:height\" content=\"590\" \/>\n\t<meta property=\"og:image:type\" content=\"image\/jpeg\" \/>\n<meta name=\"author\" content=\"Y buen vino\" \/>\n<meta name=\"twitter:card\" content=\"summary_large_image\" \/>\n<meta name=\"twitter:creator\" content=\"@ybuenvino\" \/>\n<meta name=\"twitter:site\" content=\"@ybuenvino\" \/>\n<meta name=\"twitter:label1\" content=\"Escrito por\" \/>\n\t<meta name=\"twitter:data1\" content=\"Y buen vino\" \/>\n\t<meta name=\"twitter:label2\" content=\"Tiempo de lectura\" \/>\n\t<meta name=\"twitter:data2\" content=\"10 minutos\" \/>\n<script type=\"application\/ld+json\" class=\"yoast-schema-graph\">{\"@context\":\"https:\\\/\\\/schema.org\",\"@graph\":[{\"@type\":\"Article\",\"@id\":\"https:\\\/\\\/ybuenvino.com\\\/index.php\\\/2021\\\/02\\\/27\\\/blancos-ferementados-en-barrica-el-sutil-abrazo-de-la-madera\\\/#article\",\"isPartOf\":{\"@id\":\"https:\\\/\\\/ybuenvino.com\\\/index.php\\\/2021\\\/02\\\/27\\\/blancos-ferementados-en-barrica-el-sutil-abrazo-de-la-madera\\\/\"},\"author\":{\"name\":\"Y buen vino\",\"@id\":\"https:\\\/\\\/ybuenvino.com\\\/#\\\/schema\\\/person\\\/3a6dc36bc3d11e0bc70eb233c9b51ac5\"},\"headline\":\"Blancos fermentados en barrica. El sutil abrazo de la madera\",\"datePublished\":\"2021-02-27T20:44:03+00:00\",\"dateModified\":\"2022-01-28T20:42:36+00:00\",\"mainEntityOfPage\":{\"@id\":\"https:\\\/\\\/ybuenvino.com\\\/index.php\\\/2021\\\/02\\\/27\\\/blancos-ferementados-en-barrica-el-sutil-abrazo-de-la-madera\\\/\"},\"wordCount\":1973,\"commentCount\":0,\"publisher\":{\"@id\":\"https:\\\/\\\/ybuenvino.com\\\/#organization\"},\"image\":{\"@id\":\"https:\\\/\\\/ybuenvino.com\\\/index.php\\\/2021\\\/02\\\/27\\\/blancos-ferementados-en-barrica-el-sutil-abrazo-de-la-madera\\\/#primaryimage\"},\"thumbnailUrl\":\"https:\\\/\\\/ybuenvino.com\\\/wp-content\\\/uploads\\\/2021\\\/02\\\/cabeceragris.jpg\",\"keywords\":[\"albillo real\",\"chardonnay\",\"garnacha blanca\",\"verdejo\",\"viura\"],\"articleSection\":[\"Catas\"],\"inLanguage\":\"es\",\"potentialAction\":[{\"@type\":\"CommentAction\",\"name\":\"Comment\",\"target\":[\"https:\\\/\\\/ybuenvino.com\\\/index.php\\\/2021\\\/02\\\/27\\\/blancos-ferementados-en-barrica-el-sutil-abrazo-de-la-madera\\\/#respond\"]}]},{\"@type\":\"WebPage\",\"@id\":\"https:\\\/\\\/ybuenvino.com\\\/index.php\\\/2021\\\/02\\\/27\\\/blancos-ferementados-en-barrica-el-sutil-abrazo-de-la-madera\\\/\",\"url\":\"https:\\\/\\\/ybuenvino.com\\\/index.php\\\/2021\\\/02\\\/27\\\/blancos-ferementados-en-barrica-el-sutil-abrazo-de-la-madera\\\/\",\"name\":\"Blancos fermentados en barrica. El sutil abrazo de la madera - Y buen vino\",\"isPartOf\":{\"@id\":\"https:\\\/\\\/ybuenvino.com\\\/#website\"},\"primaryImageOfPage\":{\"@id\":\"https:\\\/\\\/ybuenvino.com\\\/index.php\\\/2021\\\/02\\\/27\\\/blancos-ferementados-en-barrica-el-sutil-abrazo-de-la-madera\\\/#primaryimage\"},\"image\":{\"@id\":\"https:\\\/\\\/ybuenvino.com\\\/index.php\\\/2021\\\/02\\\/27\\\/blancos-ferementados-en-barrica-el-sutil-abrazo-de-la-madera\\\/#primaryimage\"},\"thumbnailUrl\":\"https:\\\/\\\/ybuenvino.com\\\/wp-content\\\/uploads\\\/2021\\\/02\\\/cabeceragris.jpg\",\"datePublished\":\"2021-02-27T20:44:03+00:00\",\"dateModified\":\"2022-01-28T20:42:36+00:00\",\"description\":\"Un recorrido por cinco vinos blancos fermentados en barrica, elaborados con uvas tan diversas como la Verdejo, Viura y Garnacha blanca, Chardonnay y Albillo Real.\",\"breadcrumb\":{\"@id\":\"https:\\\/\\\/ybuenvino.com\\\/index.php\\\/2021\\\/02\\\/27\\\/blancos-ferementados-en-barrica-el-sutil-abrazo-de-la-madera\\\/#breadcrumb\"},\"inLanguage\":\"es\",\"potentialAction\":[{\"@type\":\"ReadAction\",\"target\":[\"https:\\\/\\\/ybuenvino.com\\\/index.php\\\/2021\\\/02\\\/27\\\/blancos-ferementados-en-barrica-el-sutil-abrazo-de-la-madera\\\/\"]}]},{\"@type\":\"ImageObject\",\"inLanguage\":\"es\",\"@id\":\"https:\\\/\\\/ybuenvino.com\\\/index.php\\\/2021\\\/02\\\/27\\\/blancos-ferementados-en-barrica-el-sutil-abrazo-de-la-madera\\\/#primaryimage\",\"url\":\"https:\\\/\\\/ybuenvino.com\\\/wp-content\\\/uploads\\\/2021\\\/02\\\/cabeceragris.jpg\",\"contentUrl\":\"https:\\\/\\\/ybuenvino.com\\\/wp-content\\\/uploads\\\/2021\\\/02\\\/cabeceragris.jpg\",\"width\":1000,\"height\":590,\"caption\":\"Fermentados en Barrica\"},{\"@type\":\"BreadcrumbList\",\"@id\":\"https:\\\/\\\/ybuenvino.com\\\/index.php\\\/2021\\\/02\\\/27\\\/blancos-ferementados-en-barrica-el-sutil-abrazo-de-la-madera\\\/#breadcrumb\",\"itemListElement\":[{\"@type\":\"ListItem\",\"position\":1,\"name\":\"Portada\",\"item\":\"https:\\\/\\\/ybuenvino.com\\\/\"},{\"@type\":\"ListItem\",\"position\":2,\"name\":\"Blancos fermentados en barrica. El sutil abrazo de la madera\"}]},{\"@type\":\"WebSite\",\"@id\":\"https:\\\/\\\/ybuenvino.com\\\/#website\",\"url\":\"https:\\\/\\\/ybuenvino.com\\\/\",\"name\":\"Y buen vino\",\"description\":\"Pasi&oacute;n por el vino\",\"publisher\":{\"@id\":\"https:\\\/\\\/ybuenvino.com\\\/#organization\"},\"potentialAction\":[{\"@type\":\"SearchAction\",\"target\":{\"@type\":\"EntryPoint\",\"urlTemplate\":\"https:\\\/\\\/ybuenvino.com\\\/?s={search_term_string}\"},\"query-input\":{\"@type\":\"PropertyValueSpecification\",\"valueRequired\":true,\"valueName\":\"search_term_string\"}}],\"inLanguage\":\"es\"},{\"@type\":\"Organization\",\"@id\":\"https:\\\/\\\/ybuenvino.com\\\/#organization\",\"name\":\"Y Buen Vino\",\"url\":\"https:\\\/\\\/ybuenvino.com\\\/\",\"logo\":{\"@type\":\"ImageObject\",\"inLanguage\":\"es\",\"@id\":\"https:\\\/\\\/ybuenvino.com\\\/#\\\/schema\\\/logo\\\/image\\\/\",\"url\":\"https:\\\/\\\/ybuenvino.com\\\/wp-content\\\/uploads\\\/2020\\\/07\\\/buenvinomancha.jpg\",\"contentUrl\":\"https:\\\/\\\/ybuenvino.com\\\/wp-content\\\/uploads\\\/2020\\\/07\\\/buenvinomancha.jpg\",\"width\":500,\"height\":500,\"caption\":\"Y Buen Vino\"},\"image\":{\"@id\":\"https:\\\/\\\/ybuenvino.com\\\/#\\\/schema\\\/logo\\\/image\\\/\"},\"sameAs\":[\"https:\\\/\\\/www.facebook.com\\\/Buen-Vino-285329735753671\\\/\",\"https:\\\/\\\/x.com\\\/ybuenvino\",\"https:\\\/\\\/www.instagram.com\\\/ybuenvino\\\/\"]},{\"@type\":\"Person\",\"@id\":\"https:\\\/\\\/ybuenvino.com\\\/#\\\/schema\\\/person\\\/3a6dc36bc3d11e0bc70eb233c9b51ac5\",\"name\":\"Y buen vino\",\"image\":{\"@type\":\"ImageObject\",\"inLanguage\":\"es\",\"@id\":\"https:\\\/\\\/secure.gravatar.com\\\/avatar\\\/ddcb159ff52311e0da6ab147e449200f467643cf24f6f8ac815333c0c84c401e?s=96&d=mm&r=g\",\"url\":\"https:\\\/\\\/secure.gravatar.com\\\/avatar\\\/ddcb159ff52311e0da6ab147e449200f467643cf24f6f8ac815333c0c84c401e?s=96&d=mm&r=g\",\"contentUrl\":\"https:\\\/\\\/secure.gravatar.com\\\/avatar\\\/ddcb159ff52311e0da6ab147e449200f467643cf24f6f8ac815333c0c84c401e?s=96&d=mm&r=g\",\"caption\":\"Y buen vino\"},\"sameAs\":[\"https:\\\/\\\/ybuenvino.com\"]}]}<\/script>\n<!-- \/ Yoast SEO plugin. -->","yoast_head_json":{"title":"Blancos fermentados en barrica. El sutil abrazo de la madera - Y buen vino","description":"Un recorrido por cinco vinos blancos fermentados en barrica, elaborados con uvas tan diversas como la Verdejo, Viura y Garnacha blanca, Chardonnay y Albillo Real.","robots":{"index":"index","follow":"follow","max-snippet":"max-snippet:-1","max-image-preview":"max-image-preview:large","max-video-preview":"max-video-preview:-1"},"canonical":"https:\/\/ybuenvino.com\/index.php\/2021\/02\/27\/blancos-ferementados-en-barrica-el-sutil-abrazo-de-la-madera\/","og_locale":"es_ES","og_type":"article","og_title":"Blancos fermentados en barrica. El sutil abrazo de la madera - Y buen vino","og_description":"Un recorrido por cinco vinos blancos fermentados en barrica, elaborados con uvas tan diversas como la Verdejo, Viura y Garnacha blanca, Chardonnay y Albillo Real.","og_url":"https:\/\/ybuenvino.com\/index.php\/2021\/02\/27\/blancos-ferementados-en-barrica-el-sutil-abrazo-de-la-madera\/","og_site_name":"Y buen vino","article_publisher":"https:\/\/www.facebook.com\/Buen-Vino-285329735753671\/","article_published_time":"2021-02-27T20:44:03+00:00","article_modified_time":"2022-01-28T20:42:36+00:00","og_image":[{"width":1000,"height":590,"url":"https:\/\/ybuenvino.com\/wp-content\/uploads\/2021\/02\/cabeceragris.jpg","type":"image\/jpeg"}],"author":"Y buen vino","twitter_card":"summary_large_image","twitter_creator":"@ybuenvino","twitter_site":"@ybuenvino","twitter_misc":{"Escrito por":"Y buen vino","Tiempo de lectura":"10 minutos"},"schema":{"@context":"https:\/\/schema.org","@graph":[{"@type":"Article","@id":"https:\/\/ybuenvino.com\/index.php\/2021\/02\/27\/blancos-ferementados-en-barrica-el-sutil-abrazo-de-la-madera\/#article","isPartOf":{"@id":"https:\/\/ybuenvino.com\/index.php\/2021\/02\/27\/blancos-ferementados-en-barrica-el-sutil-abrazo-de-la-madera\/"},"author":{"name":"Y buen vino","@id":"https:\/\/ybuenvino.com\/#\/schema\/person\/3a6dc36bc3d11e0bc70eb233c9b51ac5"},"headline":"Blancos fermentados en barrica. El sutil abrazo de la madera","datePublished":"2021-02-27T20:44:03+00:00","dateModified":"2022-01-28T20:42:36+00:00","mainEntityOfPage":{"@id":"https:\/\/ybuenvino.com\/index.php\/2021\/02\/27\/blancos-ferementados-en-barrica-el-sutil-abrazo-de-la-madera\/"},"wordCount":1973,"commentCount":0,"publisher":{"@id":"https:\/\/ybuenvino.com\/#organization"},"image":{"@id":"https:\/\/ybuenvino.com\/index.php\/2021\/02\/27\/blancos-ferementados-en-barrica-el-sutil-abrazo-de-la-madera\/#primaryimage"},"thumbnailUrl":"https:\/\/ybuenvino.com\/wp-content\/uploads\/2021\/02\/cabeceragris.jpg","keywords":["albillo real","chardonnay","garnacha blanca","verdejo","viura"],"articleSection":["Catas"],"inLanguage":"es","potentialAction":[{"@type":"CommentAction","name":"Comment","target":["https:\/\/ybuenvino.com\/index.php\/2021\/02\/27\/blancos-ferementados-en-barrica-el-sutil-abrazo-de-la-madera\/#respond"]}]},{"@type":"WebPage","@id":"https:\/\/ybuenvino.com\/index.php\/2021\/02\/27\/blancos-ferementados-en-barrica-el-sutil-abrazo-de-la-madera\/","url":"https:\/\/ybuenvino.com\/index.php\/2021\/02\/27\/blancos-ferementados-en-barrica-el-sutil-abrazo-de-la-madera\/","name":"Blancos fermentados en barrica. El sutil abrazo de la madera - Y buen vino","isPartOf":{"@id":"https:\/\/ybuenvino.com\/#website"},"primaryImageOfPage":{"@id":"https:\/\/ybuenvino.com\/index.php\/2021\/02\/27\/blancos-ferementados-en-barrica-el-sutil-abrazo-de-la-madera\/#primaryimage"},"image":{"@id":"https:\/\/ybuenvino.com\/index.php\/2021\/02\/27\/blancos-ferementados-en-barrica-el-sutil-abrazo-de-la-madera\/#primaryimage"},"thumbnailUrl":"https:\/\/ybuenvino.com\/wp-content\/uploads\/2021\/02\/cabeceragris.jpg","datePublished":"2021-02-27T20:44:03+00:00","dateModified":"2022-01-28T20:42:36+00:00","description":"Un recorrido por cinco vinos blancos fermentados en barrica, elaborados con uvas tan diversas como la Verdejo, Viura y Garnacha blanca, Chardonnay y Albillo Real.","breadcrumb":{"@id":"https:\/\/ybuenvino.com\/index.php\/2021\/02\/27\/blancos-ferementados-en-barrica-el-sutil-abrazo-de-la-madera\/#breadcrumb"},"inLanguage":"es","potentialAction":[{"@type":"ReadAction","target":["https:\/\/ybuenvino.com\/index.php\/2021\/02\/27\/blancos-ferementados-en-barrica-el-sutil-abrazo-de-la-madera\/"]}]},{"@type":"ImageObject","inLanguage":"es","@id":"https:\/\/ybuenvino.com\/index.php\/2021\/02\/27\/blancos-ferementados-en-barrica-el-sutil-abrazo-de-la-madera\/#primaryimage","url":"https:\/\/ybuenvino.com\/wp-content\/uploads\/2021\/02\/cabeceragris.jpg","contentUrl":"https:\/\/ybuenvino.com\/wp-content\/uploads\/2021\/02\/cabeceragris.jpg","width":1000,"height":590,"caption":"Fermentados en Barrica"},{"@type":"BreadcrumbList","@id":"https:\/\/ybuenvino.com\/index.php\/2021\/02\/27\/blancos-ferementados-en-barrica-el-sutil-abrazo-de-la-madera\/#breadcrumb","itemListElement":[{"@type":"ListItem","position":1,"name":"Portada","item":"https:\/\/ybuenvino.com\/"},{"@type":"ListItem","position":2,"name":"Blancos fermentados en barrica. El sutil abrazo de la madera"}]},{"@type":"WebSite","@id":"https:\/\/ybuenvino.com\/#website","url":"https:\/\/ybuenvino.com\/","name":"Y buen vino","description":"Pasi&oacute;n por el vino","publisher":{"@id":"https:\/\/ybuenvino.com\/#organization"},"potentialAction":[{"@type":"SearchAction","target":{"@type":"EntryPoint","urlTemplate":"https:\/\/ybuenvino.com\/?s={search_term_string}"},"query-input":{"@type":"PropertyValueSpecification","valueRequired":true,"valueName":"search_term_string"}}],"inLanguage":"es"},{"@type":"Organization","@id":"https:\/\/ybuenvino.com\/#organization","name":"Y Buen Vino","url":"https:\/\/ybuenvino.com\/","logo":{"@type":"ImageObject","inLanguage":"es","@id":"https:\/\/ybuenvino.com\/#\/schema\/logo\/image\/","url":"https:\/\/ybuenvino.com\/wp-content\/uploads\/2020\/07\/buenvinomancha.jpg","contentUrl":"https:\/\/ybuenvino.com\/wp-content\/uploads\/2020\/07\/buenvinomancha.jpg","width":500,"height":500,"caption":"Y Buen Vino"},"image":{"@id":"https:\/\/ybuenvino.com\/#\/schema\/logo\/image\/"},"sameAs":["https:\/\/www.facebook.com\/Buen-Vino-285329735753671\/","https:\/\/x.com\/ybuenvino","https:\/\/www.instagram.com\/ybuenvino\/"]},{"@type":"Person","@id":"https:\/\/ybuenvino.com\/#\/schema\/person\/3a6dc36bc3d11e0bc70eb233c9b51ac5","name":"Y buen vino","image":{"@type":"ImageObject","inLanguage":"es","@id":"https:\/\/secure.gravatar.com\/avatar\/ddcb159ff52311e0da6ab147e449200f467643cf24f6f8ac815333c0c84c401e?s=96&d=mm&r=g","url":"https:\/\/secure.gravatar.com\/avatar\/ddcb159ff52311e0da6ab147e449200f467643cf24f6f8ac815333c0c84c401e?s=96&d=mm&r=g","contentUrl":"https:\/\/secure.gravatar.com\/avatar\/ddcb159ff52311e0da6ab147e449200f467643cf24f6f8ac815333c0c84c401e?s=96&d=mm&r=g","caption":"Y buen vino"},"sameAs":["https:\/\/ybuenvino.com"]}]}},"_links":{"self":[{"href":"https:\/\/ybuenvino.com\/index.php\/wp-json\/wp\/v2\/posts\/549","targetHints":{"allow":["GET"]}}],"collection":[{"href":"https:\/\/ybuenvino.com\/index.php\/wp-json\/wp\/v2\/posts"}],"about":[{"href":"https:\/\/ybuenvino.com\/index.php\/wp-json\/wp\/v2\/types\/post"}],"author":[{"embeddable":true,"href":"https:\/\/ybuenvino.com\/index.php\/wp-json\/wp\/v2\/users\/1"}],"replies":[{"embeddable":true,"href":"https:\/\/ybuenvino.com\/index.php\/wp-json\/wp\/v2\/comments?post=549"}],"version-history":[{"count":42,"href":"https:\/\/ybuenvino.com\/index.php\/wp-json\/wp\/v2\/posts\/549\/revisions"}],"predecessor-version":[{"id":606,"href":"https:\/\/ybuenvino.com\/index.php\/wp-json\/wp\/v2\/posts\/549\/revisions\/606"}],"wp:featuredmedia":[{"embeddable":true,"href":"https:\/\/ybuenvino.com\/index.php\/wp-json\/wp\/v2\/media\/552"}],"wp:attachment":[{"href":"https:\/\/ybuenvino.com\/index.php\/wp-json\/wp\/v2\/media?parent=549"}],"wp:term":[{"taxonomy":"category","embeddable":true,"href":"https:\/\/ybuenvino.com\/index.php\/wp-json\/wp\/v2\/categories?post=549"},{"taxonomy":"post_tag","embeddable":true,"href":"https:\/\/ybuenvino.com\/index.php\/wp-json\/wp\/v2\/tags?post=549"}],"curies":[{"name":"wp","href":"https:\/\/api.w.org\/{rel}","templated":true}]}}