{"id":538,"date":"2021-02-13T20:05:38","date_gmt":"2021-02-13T20:05:38","guid":{"rendered":"https:\/\/ybuenvino.com\/?p=538"},"modified":"2022-01-28T20:42:53","modified_gmt":"2022-01-28T20:42:53","slug":"san-valentin-chin-chin","status":"publish","type":"post","link":"https:\/\/ybuenvino.com\/index.php\/2021\/02\/13\/san-valentin-chin-chin\/","title":{"rendered":"San Valent\u00edn, chin chin"},"content":{"rendered":"<p>Amor y vino seguro que nos ayudan en el camino. El amor est\u00e1 en el aire, en la copa su elixir&#8230; En fin, podr\u00edamos seguir castigando al personal con rimas poco agraciadas, por ser generosos, y mal sonantes. Pero en estos casos es mejor recurrir a los grandes. Os dejamos algunas c\u00e9lebres estrofas que maridan amor y vino por si os sirven de inspiraci\u00f3n en este San Valent\u00edn pand\u00e9mico.\u00a0 Disfrutadlas y no olvid\u00e9is brindar, por el amo o por lo que os plazca.<\/p>\n<blockquote><p>Amor m\u00edo, de pronto<br \/>\ntu cadera<br \/>\nes la curva colmada<br \/>\nde la copa,<br \/>\ntu pecho es el racimo,<br \/>\nla luz del alcohol tu cabellera,<br \/>\nlas uvas tus pezones,<br \/>\ntu ombligo sello puro<br \/>\nestampado en tu vientre de vasija,<br \/>\ny tu amor la cascada<br \/>\nde vino inextinguible,<br \/>\nla claridad que cae en mis sentidos,<br \/>\nel esplendor terrestre de la vida.<\/p>\n<p>PABLO NERUDA<\/p><\/blockquote>\n<p>&nbsp;<\/p>\n<blockquote><p><em>TODO M\u00c1S CLARO<\/em><\/p>\n<p>Me haces falta<br \/>\nporque t\u00fa no te empiezas en las uvas<br \/>\ny acabas en delirio o en mentira.<br \/>\nPorque no eres el vino<br \/>\nen que unos hombres desenamorados<br \/>\nencuentran las palabras<br \/>\nde amor, las que le dicen<br \/>\na un espectro de amiga descotada<br \/>\nen trescientos salones, de once a doce.<br \/>\nEmbriaguez que t\u00fa inspiras es hermana<br \/>\nde balanza en el fiel o mediod\u00eda.<\/p>\n<p>PEDRO SALINAS<\/p><\/blockquote>\n<p>&nbsp;<\/p>\n<blockquote><p><em>\u00a1TAMBI\u00c9N YO SOY LA VID!<\/em><\/p>\n<p>\u00a1Tambi\u00e9n yo soy la vid!<br \/>\n\u00a1Tambi\u00e9n yo soy el vino rojo que abrasa!<br \/>\nY los labios que se unen a los pechos, bebi\u00e9ndoselos.<br \/>\nY las lenguas que se juntan en lumbre de eternidad.<br \/>\nSobre la tierra que olvida los secretos de los muertos,<br \/>\n\u00a1qu\u00e9 fuerza es la m\u00eda de vivir!<\/p>\n<p>CARMEN CONDE<\/p><\/blockquote>\n<p>&nbsp;<\/p>\n<blockquote><p>El vino rojo y dulce<br \/>\nde tu lengua,<br \/>\nel fluido<br \/>\ncegador de tus brazos,<br \/>\ny un cielo borrascoso<br \/>\nentre los dos,<br \/>\nEl cielo<br \/>\nde la sed<br \/>\nque no acaba.<\/p>\n<p>JUAN REJANO<\/p><\/blockquote>\n<p>&nbsp;<\/p>\n","protected":false},"excerpt":{"rendered":"<p>Amor y vino seguro que nos ayudan en el camino. El amor est\u00e1 en el aire, en la copa su elixir&#8230; En fin, podr\u00edamos seguir castigando al personal con rimas poco agraciadas, por ser generosos, y mal sonantes. Pero en estos casos es mejor recurrir a los grandes. Os dejamos algunas c\u00e9lebres estrofas que maridan [&hellip;]<\/p>\n","protected":false},"author":1,"featured_media":547,"comment_status":"open","ping_status":"open","sticky":false,"template":"","format":"standard","meta":{"_et_pb_use_builder":"","_et_pb_old_content":"","_et_gb_content_width":"","_monsterinsights_skip_tracking":false,"_monsterinsights_sitenote_active":false,"_monsterinsights_sitenote_note":"","_monsterinsights_sitenote_category":0,"footnotes":""},"categories":[17],"tags":[],"class_list":["post-538","post","type-post","status-publish","format-standard","has-post-thumbnail","hentry","category-cultura","et-has-post-format-content","et_post_format-et-post-format-standard"],"yoast_head":"<!-- This site is optimized with the Yoast SEO plugin v27.5 - https:\/\/yoast.com\/product\/yoast-seo-wordpress\/ -->\n<title>San Valent\u00edn, chin chin - Y buen vino<\/title>\n<meta name=\"description\" content=\"Poemas de amor y vino para San Valent\u00edn,. Neruda, Salinas, Carmen Conde o Juan Rejano aportan algo de l\u00edrica.\" \/>\n<meta name=\"robots\" content=\"index, follow, max-snippet:-1, max-image-preview:large, max-video-preview:-1\" \/>\n<link rel=\"canonical\" href=\"https:\/\/ybuenvino.com\/index.php\/2021\/02\/13\/san-valentin-chin-chin\/\" \/>\n<meta property=\"og:locale\" content=\"es_ES\" \/>\n<meta property=\"og:type\" content=\"article\" \/>\n<meta property=\"og:title\" content=\"San Valent\u00edn, chin chin - Y buen vino\" \/>\n<meta property=\"og:description\" content=\"Poemas de amor y vino para San Valent\u00edn,. Neruda, Salinas, Carmen Conde o Juan Rejano aportan algo de l\u00edrica.\" \/>\n<meta property=\"og:url\" content=\"https:\/\/ybuenvino.com\/index.php\/2021\/02\/13\/san-valentin-chin-chin\/\" \/>\n<meta property=\"og:site_name\" content=\"Y buen vino\" \/>\n<meta property=\"article:publisher\" content=\"https:\/\/www.facebook.com\/Buen-Vino-285329735753671\/\" \/>\n<meta property=\"article:published_time\" content=\"2021-02-13T20:05:38+00:00\" \/>\n<meta property=\"article:modified_time\" content=\"2022-01-28T20:42:53+00:00\" \/>\n<meta property=\"og:image\" content=\"https:\/\/ybuenvino.com\/wp-content\/uploads\/2021\/02\/valentindays.jpg\" \/>\n\t<meta property=\"og:image:width\" content=\"1000\" \/>\n\t<meta property=\"og:image:height\" content=\"590\" \/>\n\t<meta property=\"og:image:type\" content=\"image\/jpeg\" \/>\n<meta name=\"author\" content=\"Y buen vino\" \/>\n<meta name=\"twitter:card\" content=\"summary_large_image\" \/>\n<meta name=\"twitter:creator\" content=\"@ybuenvino\" \/>\n<meta name=\"twitter:site\" content=\"@ybuenvino\" \/>\n<meta name=\"twitter:label1\" content=\"Escrito por\" \/>\n\t<meta name=\"twitter:data1\" content=\"Y buen vino\" \/>\n\t<meta name=\"twitter:label2\" content=\"Tiempo de lectura\" \/>\n\t<meta name=\"twitter:data2\" content=\"2 minutos\" \/>\n<script type=\"application\/ld+json\" class=\"yoast-schema-graph\">{\"@context\":\"https:\\\/\\\/schema.org\",\"@graph\":[{\"@type\":\"Article\",\"@id\":\"https:\\\/\\\/ybuenvino.com\\\/index.php\\\/2021\\\/02\\\/13\\\/san-valentin-chin-chin\\\/#article\",\"isPartOf\":{\"@id\":\"https:\\\/\\\/ybuenvino.com\\\/index.php\\\/2021\\\/02\\\/13\\\/san-valentin-chin-chin\\\/\"},\"author\":{\"name\":\"Y buen vino\",\"@id\":\"https:\\\/\\\/ybuenvino.com\\\/#\\\/schema\\\/person\\\/3a6dc36bc3d11e0bc70eb233c9b51ac5\"},\"headline\":\"San Valent\u00edn, chin chin\",\"datePublished\":\"2021-02-13T20:05:38+00:00\",\"dateModified\":\"2022-01-28T20:42:53+00:00\",\"mainEntityOfPage\":{\"@id\":\"https:\\\/\\\/ybuenvino.com\\\/index.php\\\/2021\\\/02\\\/13\\\/san-valentin-chin-chin\\\/\"},\"wordCount\":323,\"commentCount\":0,\"publisher\":{\"@id\":\"https:\\\/\\\/ybuenvino.com\\\/#organization\"},\"image\":{\"@id\":\"https:\\\/\\\/ybuenvino.com\\\/index.php\\\/2021\\\/02\\\/13\\\/san-valentin-chin-chin\\\/#primaryimage\"},\"thumbnailUrl\":\"https:\\\/\\\/ybuenvino.com\\\/wp-content\\\/uploads\\\/2021\\\/02\\\/valentindays.jpg\",\"articleSection\":[\"Cultura\"],\"inLanguage\":\"es\",\"potentialAction\":[{\"@type\":\"CommentAction\",\"name\":\"Comment\",\"target\":[\"https:\\\/\\\/ybuenvino.com\\\/index.php\\\/2021\\\/02\\\/13\\\/san-valentin-chin-chin\\\/#respond\"]}]},{\"@type\":\"WebPage\",\"@id\":\"https:\\\/\\\/ybuenvino.com\\\/index.php\\\/2021\\\/02\\\/13\\\/san-valentin-chin-chin\\\/\",\"url\":\"https:\\\/\\\/ybuenvino.com\\\/index.php\\\/2021\\\/02\\\/13\\\/san-valentin-chin-chin\\\/\",\"name\":\"San Valent\u00edn, chin chin - Y buen vino\",\"isPartOf\":{\"@id\":\"https:\\\/\\\/ybuenvino.com\\\/#website\"},\"primaryImageOfPage\":{\"@id\":\"https:\\\/\\\/ybuenvino.com\\\/index.php\\\/2021\\\/02\\\/13\\\/san-valentin-chin-chin\\\/#primaryimage\"},\"image\":{\"@id\":\"https:\\\/\\\/ybuenvino.com\\\/index.php\\\/2021\\\/02\\\/13\\\/san-valentin-chin-chin\\\/#primaryimage\"},\"thumbnailUrl\":\"https:\\\/\\\/ybuenvino.com\\\/wp-content\\\/uploads\\\/2021\\\/02\\\/valentindays.jpg\",\"datePublished\":\"2021-02-13T20:05:38+00:00\",\"dateModified\":\"2022-01-28T20:42:53+00:00\",\"description\":\"Poemas de amor y vino para San Valent\u00edn,. Neruda, Salinas, Carmen Conde o Juan Rejano aportan algo de l\u00edrica.\",\"breadcrumb\":{\"@id\":\"https:\\\/\\\/ybuenvino.com\\\/index.php\\\/2021\\\/02\\\/13\\\/san-valentin-chin-chin\\\/#breadcrumb\"},\"inLanguage\":\"es\",\"potentialAction\":[{\"@type\":\"ReadAction\",\"target\":[\"https:\\\/\\\/ybuenvino.com\\\/index.php\\\/2021\\\/02\\\/13\\\/san-valentin-chin-chin\\\/\"]}]},{\"@type\":\"ImageObject\",\"inLanguage\":\"es\",\"@id\":\"https:\\\/\\\/ybuenvino.com\\\/index.php\\\/2021\\\/02\\\/13\\\/san-valentin-chin-chin\\\/#primaryimage\",\"url\":\"https:\\\/\\\/ybuenvino.com\\\/wp-content\\\/uploads\\\/2021\\\/02\\\/valentindays.jpg\",\"contentUrl\":\"https:\\\/\\\/ybuenvino.com\\\/wp-content\\\/uploads\\\/2021\\\/02\\\/valentindays.jpg\",\"width\":1000,\"height\":590,\"caption\":\"San Valent\u00edn\"},{\"@type\":\"BreadcrumbList\",\"@id\":\"https:\\\/\\\/ybuenvino.com\\\/index.php\\\/2021\\\/02\\\/13\\\/san-valentin-chin-chin\\\/#breadcrumb\",\"itemListElement\":[{\"@type\":\"ListItem\",\"position\":1,\"name\":\"Portada\",\"item\":\"https:\\\/\\\/ybuenvino.com\\\/\"},{\"@type\":\"ListItem\",\"position\":2,\"name\":\"San Valent\u00edn, chin chin\"}]},{\"@type\":\"WebSite\",\"@id\":\"https:\\\/\\\/ybuenvino.com\\\/#website\",\"url\":\"https:\\\/\\\/ybuenvino.com\\\/\",\"name\":\"Y buen vino\",\"description\":\"Pasi&oacute;n por el vino\",\"publisher\":{\"@id\":\"https:\\\/\\\/ybuenvino.com\\\/#organization\"},\"potentialAction\":[{\"@type\":\"SearchAction\",\"target\":{\"@type\":\"EntryPoint\",\"urlTemplate\":\"https:\\\/\\\/ybuenvino.com\\\/?s={search_term_string}\"},\"query-input\":{\"@type\":\"PropertyValueSpecification\",\"valueRequired\":true,\"valueName\":\"search_term_string\"}}],\"inLanguage\":\"es\"},{\"@type\":\"Organization\",\"@id\":\"https:\\\/\\\/ybuenvino.com\\\/#organization\",\"name\":\"Y Buen Vino\",\"url\":\"https:\\\/\\\/ybuenvino.com\\\/\",\"logo\":{\"@type\":\"ImageObject\",\"inLanguage\":\"es\",\"@id\":\"https:\\\/\\\/ybuenvino.com\\\/#\\\/schema\\\/logo\\\/image\\\/\",\"url\":\"https:\\\/\\\/ybuenvino.com\\\/wp-content\\\/uploads\\\/2020\\\/07\\\/buenvinomancha.jpg\",\"contentUrl\":\"https:\\\/\\\/ybuenvino.com\\\/wp-content\\\/uploads\\\/2020\\\/07\\\/buenvinomancha.jpg\",\"width\":500,\"height\":500,\"caption\":\"Y Buen Vino\"},\"image\":{\"@id\":\"https:\\\/\\\/ybuenvino.com\\\/#\\\/schema\\\/logo\\\/image\\\/\"},\"sameAs\":[\"https:\\\/\\\/www.facebook.com\\\/Buen-Vino-285329735753671\\\/\",\"https:\\\/\\\/x.com\\\/ybuenvino\",\"https:\\\/\\\/www.instagram.com\\\/ybuenvino\\\/\"]},{\"@type\":\"Person\",\"@id\":\"https:\\\/\\\/ybuenvino.com\\\/#\\\/schema\\\/person\\\/3a6dc36bc3d11e0bc70eb233c9b51ac5\",\"name\":\"Y buen vino\",\"image\":{\"@type\":\"ImageObject\",\"inLanguage\":\"es\",\"@id\":\"https:\\\/\\\/secure.gravatar.com\\\/avatar\\\/ddcb159ff52311e0da6ab147e449200f467643cf24f6f8ac815333c0c84c401e?s=96&d=mm&r=g\",\"url\":\"https:\\\/\\\/secure.gravatar.com\\\/avatar\\\/ddcb159ff52311e0da6ab147e449200f467643cf24f6f8ac815333c0c84c401e?s=96&d=mm&r=g\",\"contentUrl\":\"https:\\\/\\\/secure.gravatar.com\\\/avatar\\\/ddcb159ff52311e0da6ab147e449200f467643cf24f6f8ac815333c0c84c401e?s=96&d=mm&r=g\",\"caption\":\"Y buen vino\"},\"sameAs\":[\"https:\\\/\\\/ybuenvino.com\"]}]}<\/script>\n<!-- \/ Yoast SEO plugin. -->","yoast_head_json":{"title":"San Valent\u00edn, chin chin - Y buen vino","description":"Poemas de amor y vino para San Valent\u00edn,. Neruda, Salinas, Carmen Conde o Juan Rejano aportan algo de l\u00edrica.","robots":{"index":"index","follow":"follow","max-snippet":"max-snippet:-1","max-image-preview":"max-image-preview:large","max-video-preview":"max-video-preview:-1"},"canonical":"https:\/\/ybuenvino.com\/index.php\/2021\/02\/13\/san-valentin-chin-chin\/","og_locale":"es_ES","og_type":"article","og_title":"San Valent\u00edn, chin chin - Y buen vino","og_description":"Poemas de amor y vino para San Valent\u00edn,. Neruda, Salinas, Carmen Conde o Juan Rejano aportan algo de l\u00edrica.","og_url":"https:\/\/ybuenvino.com\/index.php\/2021\/02\/13\/san-valentin-chin-chin\/","og_site_name":"Y buen vino","article_publisher":"https:\/\/www.facebook.com\/Buen-Vino-285329735753671\/","article_published_time":"2021-02-13T20:05:38+00:00","article_modified_time":"2022-01-28T20:42:53+00:00","og_image":[{"width":1000,"height":590,"url":"https:\/\/ybuenvino.com\/wp-content\/uploads\/2021\/02\/valentindays.jpg","type":"image\/jpeg"}],"author":"Y buen vino","twitter_card":"summary_large_image","twitter_creator":"@ybuenvino","twitter_site":"@ybuenvino","twitter_misc":{"Escrito por":"Y buen vino","Tiempo de lectura":"2 minutos"},"schema":{"@context":"https:\/\/schema.org","@graph":[{"@type":"Article","@id":"https:\/\/ybuenvino.com\/index.php\/2021\/02\/13\/san-valentin-chin-chin\/#article","isPartOf":{"@id":"https:\/\/ybuenvino.com\/index.php\/2021\/02\/13\/san-valentin-chin-chin\/"},"author":{"name":"Y buen vino","@id":"https:\/\/ybuenvino.com\/#\/schema\/person\/3a6dc36bc3d11e0bc70eb233c9b51ac5"},"headline":"San Valent\u00edn, chin chin","datePublished":"2021-02-13T20:05:38+00:00","dateModified":"2022-01-28T20:42:53+00:00","mainEntityOfPage":{"@id":"https:\/\/ybuenvino.com\/index.php\/2021\/02\/13\/san-valentin-chin-chin\/"},"wordCount":323,"commentCount":0,"publisher":{"@id":"https:\/\/ybuenvino.com\/#organization"},"image":{"@id":"https:\/\/ybuenvino.com\/index.php\/2021\/02\/13\/san-valentin-chin-chin\/#primaryimage"},"thumbnailUrl":"https:\/\/ybuenvino.com\/wp-content\/uploads\/2021\/02\/valentindays.jpg","articleSection":["Cultura"],"inLanguage":"es","potentialAction":[{"@type":"CommentAction","name":"Comment","target":["https:\/\/ybuenvino.com\/index.php\/2021\/02\/13\/san-valentin-chin-chin\/#respond"]}]},{"@type":"WebPage","@id":"https:\/\/ybuenvino.com\/index.php\/2021\/02\/13\/san-valentin-chin-chin\/","url":"https:\/\/ybuenvino.com\/index.php\/2021\/02\/13\/san-valentin-chin-chin\/","name":"San Valent\u00edn, chin chin - Y buen vino","isPartOf":{"@id":"https:\/\/ybuenvino.com\/#website"},"primaryImageOfPage":{"@id":"https:\/\/ybuenvino.com\/index.php\/2021\/02\/13\/san-valentin-chin-chin\/#primaryimage"},"image":{"@id":"https:\/\/ybuenvino.com\/index.php\/2021\/02\/13\/san-valentin-chin-chin\/#primaryimage"},"thumbnailUrl":"https:\/\/ybuenvino.com\/wp-content\/uploads\/2021\/02\/valentindays.jpg","datePublished":"2021-02-13T20:05:38+00:00","dateModified":"2022-01-28T20:42:53+00:00","description":"Poemas de amor y vino para San Valent\u00edn,. Neruda, Salinas, Carmen Conde o Juan Rejano aportan algo de l\u00edrica.","breadcrumb":{"@id":"https:\/\/ybuenvino.com\/index.php\/2021\/02\/13\/san-valentin-chin-chin\/#breadcrumb"},"inLanguage":"es","potentialAction":[{"@type":"ReadAction","target":["https:\/\/ybuenvino.com\/index.php\/2021\/02\/13\/san-valentin-chin-chin\/"]}]},{"@type":"ImageObject","inLanguage":"es","@id":"https:\/\/ybuenvino.com\/index.php\/2021\/02\/13\/san-valentin-chin-chin\/#primaryimage","url":"https:\/\/ybuenvino.com\/wp-content\/uploads\/2021\/02\/valentindays.jpg","contentUrl":"https:\/\/ybuenvino.com\/wp-content\/uploads\/2021\/02\/valentindays.jpg","width":1000,"height":590,"caption":"San Valent\u00edn"},{"@type":"BreadcrumbList","@id":"https:\/\/ybuenvino.com\/index.php\/2021\/02\/13\/san-valentin-chin-chin\/#breadcrumb","itemListElement":[{"@type":"ListItem","position":1,"name":"Portada","item":"https:\/\/ybuenvino.com\/"},{"@type":"ListItem","position":2,"name":"San Valent\u00edn, chin chin"}]},{"@type":"WebSite","@id":"https:\/\/ybuenvino.com\/#website","url":"https:\/\/ybuenvino.com\/","name":"Y buen vino","description":"Pasi&oacute;n por el vino","publisher":{"@id":"https:\/\/ybuenvino.com\/#organization"},"potentialAction":[{"@type":"SearchAction","target":{"@type":"EntryPoint","urlTemplate":"https:\/\/ybuenvino.com\/?s={search_term_string}"},"query-input":{"@type":"PropertyValueSpecification","valueRequired":true,"valueName":"search_term_string"}}],"inLanguage":"es"},{"@type":"Organization","@id":"https:\/\/ybuenvino.com\/#organization","name":"Y Buen Vino","url":"https:\/\/ybuenvino.com\/","logo":{"@type":"ImageObject","inLanguage":"es","@id":"https:\/\/ybuenvino.com\/#\/schema\/logo\/image\/","url":"https:\/\/ybuenvino.com\/wp-content\/uploads\/2020\/07\/buenvinomancha.jpg","contentUrl":"https:\/\/ybuenvino.com\/wp-content\/uploads\/2020\/07\/buenvinomancha.jpg","width":500,"height":500,"caption":"Y Buen Vino"},"image":{"@id":"https:\/\/ybuenvino.com\/#\/schema\/logo\/image\/"},"sameAs":["https:\/\/www.facebook.com\/Buen-Vino-285329735753671\/","https:\/\/x.com\/ybuenvino","https:\/\/www.instagram.com\/ybuenvino\/"]},{"@type":"Person","@id":"https:\/\/ybuenvino.com\/#\/schema\/person\/3a6dc36bc3d11e0bc70eb233c9b51ac5","name":"Y buen vino","image":{"@type":"ImageObject","inLanguage":"es","@id":"https:\/\/secure.gravatar.com\/avatar\/ddcb159ff52311e0da6ab147e449200f467643cf24f6f8ac815333c0c84c401e?s=96&d=mm&r=g","url":"https:\/\/secure.gravatar.com\/avatar\/ddcb159ff52311e0da6ab147e449200f467643cf24f6f8ac815333c0c84c401e?s=96&d=mm&r=g","contentUrl":"https:\/\/secure.gravatar.com\/avatar\/ddcb159ff52311e0da6ab147e449200f467643cf24f6f8ac815333c0c84c401e?s=96&d=mm&r=g","caption":"Y buen vino"},"sameAs":["https:\/\/ybuenvino.com"]}]}},"_links":{"self":[{"href":"https:\/\/ybuenvino.com\/index.php\/wp-json\/wp\/v2\/posts\/538","targetHints":{"allow":["GET"]}}],"collection":[{"href":"https:\/\/ybuenvino.com\/index.php\/wp-json\/wp\/v2\/posts"}],"about":[{"href":"https:\/\/ybuenvino.com\/index.php\/wp-json\/wp\/v2\/types\/post"}],"author":[{"embeddable":true,"href":"https:\/\/ybuenvino.com\/index.php\/wp-json\/wp\/v2\/users\/1"}],"replies":[{"embeddable":true,"href":"https:\/\/ybuenvino.com\/index.php\/wp-json\/wp\/v2\/comments?post=538"}],"version-history":[{"count":9,"href":"https:\/\/ybuenvino.com\/index.php\/wp-json\/wp\/v2\/posts\/538\/revisions"}],"predecessor-version":[{"id":548,"href":"https:\/\/ybuenvino.com\/index.php\/wp-json\/wp\/v2\/posts\/538\/revisions\/548"}],"wp:featuredmedia":[{"embeddable":true,"href":"https:\/\/ybuenvino.com\/index.php\/wp-json\/wp\/v2\/media\/547"}],"wp:attachment":[{"href":"https:\/\/ybuenvino.com\/index.php\/wp-json\/wp\/v2\/media?parent=538"}],"wp:term":[{"taxonomy":"category","embeddable":true,"href":"https:\/\/ybuenvino.com\/index.php\/wp-json\/wp\/v2\/categories?post=538"},{"taxonomy":"post_tag","embeddable":true,"href":"https:\/\/ybuenvino.com\/index.php\/wp-json\/wp\/v2\/tags?post=538"}],"curies":[{"name":"wp","href":"https:\/\/api.w.org\/{rel}","templated":true}]}}