{"id":524,"date":"2021-02-06T20:19:51","date_gmt":"2021-02-06T20:19:51","guid":{"rendered":"https:\/\/ybuenvino.com\/?p=524"},"modified":"2022-01-28T20:43:04","modified_gmt":"2022-01-28T20:43:04","slug":"priorat","status":"publish","type":"post","link":"https:\/\/ybuenvino.com\/index.php\/2021\/02\/06\/priorat\/","title":{"rendered":"Priorat"},"content":{"rendered":"<p><span style=\"font-weight: 400;\">Proliferan los documentales sobre el vino y bien que nos alegramos. Priorat (<strong>David Fern\u00e1ndez de Castro<\/strong>, 2016) propone un recorrido por el resurgir de esta regi\u00f3n vin\u00edcola a finales de los 80. Todo comienza cuando cinco j\u00f3venes productores, despu\u00e9s conocidos por los 5 magn\u00edficos (<strong>Ren\u00e9 Barbier, \u00c1lvaro Palacios, Daphne Glorian, Jos\u00e9 Luis P\u00e9rez y Carles Pastrana<\/strong>), se instalan en la zona con el sue\u00f1o de hacer un vino de calidad que compita a nivel internacional.\u00a0<\/span><\/p>\n<p><span style=\"font-weight: 400;\">Al grupo lo consideraban una pandilla de hippies que se ayudaban unos a otros en una especie de cooperativismo cercano a la comuna. Con el tiempo fue evolucionando hasta convertirse en los viticultores de culto que son hoy. Sus nombres son conocidos por propios e incluso extra\u00f1os al mundo del vino. <strong>Ren\u00e9 Barbier<\/strong> probablemente era el cabecilla y <strong>\u00c1lvaro Palacios<\/strong>, el advenedizo descendiente de bodegueros riojanos que lleg\u00f3 para aprender e innovar. Palacios se convirti\u00f3 en el icono por del Priorat, gracias a sus dotes para la comunicaci\u00f3n, el marketing, su tes\u00f3n y buen hacer en la vi\u00f1a y la bodega. Su vino <strong>L\u2019ermita<\/strong> marc\u00f3 el hito de convertirse en el m\u00e1s preciado de Espa\u00f1a y codiciado en el extranjero. Es muy emocionante como \u00c1lvaro cuenta, mientras vemos\u00a0 im\u00e1genes reales del acontecimiento, lo ocurrido en la subasta en la casa <\/span><strong>Christie&#8217;s <\/strong><span style=\"font-weight: 400;\"><strong>de Nueva York<\/strong> en la que vendi\u00f3 botellas a m\u00e1s de 500 euros la unidad. Todo un logro que, m\u00e1s all\u00e1 del elitismo, evidencia el \u00e9xito y la calidad de un vino y una regi\u00f3n por la que nadie daba un duro.<\/span><\/p>\n<div id=\"attachment_529\" style=\"width: 1010px\" class=\"wp-caption aligncenter\"><img loading=\"lazy\" decoding=\"async\" aria-describedby=\"caption-attachment-529\" class=\"wp-image-529 size-full\" src=\"https:\/\/ybuenvino.com\/wp-content\/uploads\/2021\/02\/loscincomagnificos.jpg\" alt=\"Los cinco magn\u00edficos del Priorat\" width=\"1000\" height=\"330\" srcset=\"https:\/\/ybuenvino.com\/wp-content\/uploads\/2021\/02\/loscincomagnificos.jpg 1000w, https:\/\/ybuenvino.com\/wp-content\/uploads\/2021\/02\/loscincomagnificos-300x99.jpg 300w, https:\/\/ybuenvino.com\/wp-content\/uploads\/2021\/02\/loscincomagnificos-768x253.jpg 768w\" sizes=\"auto, (max-width: 1000px) 100vw, 1000px\" \/><p id=\"caption-attachment-529\" class=\"wp-caption-text\">Jos\u00e9 Luis P\u00e9rez , Ren\u00e9 Barbier, Daphne Glorian, \u00c1lvaro Palacios y Carles Pastrana<\/p><\/div>\n<p><span style=\"font-weight: 400;\">El documental narra c\u00f3mo se gest\u00f3 la haza\u00f1a a trav\u00e9s de las voces de sus protagonistas. Desde los comienzos marcados por la casi indigencia de medios y capital, hasta lograr el reconocimiento internacional, con intervenci\u00f3n del omnipresente y todopoderoso <strong>Robert Parker<\/strong>. El culmen llega con la elaboraci\u00f3n del vino m\u00e1s caro de Espa\u00f1a y el reconocimiento de la zona como un referente mundial de vinos con caracter\u00edsticas diferenciadas y de alta calidad.<\/span><\/p>\n<p><span style=\"font-weight: 400;\">Para los que no conoc\u00e9is mucho el vino del <strong>Priorat<\/strong>, lo definen como una explosi\u00f3n frutal, recorrida por la columna vertebral de la mineralidad, propia de terrenos tan pobres org\u00e1nicamente que incluso algunos dudaban de su fertilidad para la agricultura. Como insin\u00faa <strong>Daphe Glorian<\/strong> de <strong>Clos Erasmus,<\/strong> era una marcianada pensar que de aquel suelo rocoso, \u201cal que casi hab\u00eda que dinamitar para plantar vi\u00f1as\u201d, pudiera salir un vino de esas caracter\u00edsticas. Se trata de vinos que evolucionan con la oxigenaci\u00f3n, que tienden a tener un alto grado alcoh\u00f3lico, y que sin embargo son golosos y amables en boca. Las variedades principales en la elaboraci\u00f3n de sus tintos son la Garnacha y Cari\u00f1ena, aunque tienen permitidas otras como la Garnacha peluda, Tempranillo, Picapoll negre, Pinot noir, Merlot, Syrah\u00a0 y las Cabernetes (Sauvignon y Franc) introducidas por nuestros cinco c\u00e9lebres amigos.<\/span><\/p>\n<p><span style=\"font-weight: 400;\">Pod\u00e9is\u00a0 degustar la pel\u00edcula en <strong><a href=\"https:\/\/www.filmin.es\/pelicula\/priorat\" target=\"_blank\" rel=\"noopener noreferrer\">Filmin<\/a><\/strong>. Sin muchos alardes cinematogr\u00e1ficos, sin embargo tiene un alto valor testimonial que ayuda a comprender una zona y una forma de entender el vino.<\/span><\/p>\n<p>Ficha de la pel\u00edcula: <a href=\"https:\/\/uncaprichoproducciones.com\/proyectos\/priorat\/\" target=\"_blank\" rel=\"noopener noreferrer\">https:\/\/uncaprichoproducciones.com\/proyectos\/priorat\/\u00a0<\/a><\/p>\n","protected":false},"excerpt":{"rendered":"<p>Proliferan los documentales sobre el vino y bien que nos alegramos. Priorat (David Fern\u00e1ndez de Castro, 2016) propone un recorrido por el resurgir de esta regi\u00f3n vin\u00edcola a finales de los 80. Todo comienza cuando cinco j\u00f3venes productores, despu\u00e9s conocidos por los 5 magn\u00edficos (Ren\u00e9 Barbier, \u00c1lvaro Palacios, Daphne Glorian, Jos\u00e9 Luis P\u00e9rez y Carles [&hellip;]<\/p>\n","protected":false},"author":1,"featured_media":536,"comment_status":"open","ping_status":"open","sticky":false,"template":"","format":"standard","meta":{"_et_pb_use_builder":"","_et_pb_old_content":"","_et_gb_content_width":"","_monsterinsights_skip_tracking":false,"_monsterinsights_sitenote_active":false,"_monsterinsights_sitenote_note":"","_monsterinsights_sitenote_category":0,"footnotes":""},"categories":[5,17],"tags":[],"class_list":["post-524","post","type-post","status-publish","format-standard","has-post-thumbnail","hentry","category-cine","category-cultura","et-has-post-format-content","et_post_format-et-post-format-standard"],"yoast_head":"<!-- This site is optimized with the Yoast SEO plugin v27.5 - https:\/\/yoast.com\/product\/yoast-seo-wordpress\/ -->\n<title>Priorat - Y buen vino<\/title>\n<meta name=\"description\" content=\"El documental Priorat nos muestra la evoluci\u00f3n de esta zona productora de vino, gracias a cinco j\u00f3venes emprendedores.\" \/>\n<meta name=\"robots\" content=\"index, follow, max-snippet:-1, max-image-preview:large, max-video-preview:-1\" \/>\n<link rel=\"canonical\" href=\"https:\/\/ybuenvino.com\/index.php\/2021\/02\/06\/priorat\/\" \/>\n<meta property=\"og:locale\" content=\"es_ES\" \/>\n<meta property=\"og:type\" content=\"article\" \/>\n<meta property=\"og:title\" content=\"Priorat - Y buen vino\" \/>\n<meta property=\"og:description\" content=\"El documental Priorat nos muestra la evoluci\u00f3n de esta zona productora de vino, gracias a cinco j\u00f3venes emprendedores.\" \/>\n<meta property=\"og:url\" content=\"https:\/\/ybuenvino.com\/index.php\/2021\/02\/06\/priorat\/\" \/>\n<meta property=\"og:site_name\" content=\"Y buen vino\" \/>\n<meta property=\"article:publisher\" content=\"https:\/\/www.facebook.com\/Buen-Vino-285329735753671\/\" \/>\n<meta property=\"article:published_time\" content=\"2021-02-06T20:19:51+00:00\" \/>\n<meta property=\"article:modified_time\" content=\"2022-01-28T20:43:04+00:00\" \/>\n<meta property=\"og:image\" content=\"https:\/\/ybuenvino.com\/wp-content\/uploads\/2021\/02\/PRIORAT-cab.jpg\" \/>\n\t<meta property=\"og:image:width\" content=\"1063\" \/>\n\t<meta property=\"og:image:height\" content=\"598\" \/>\n\t<meta property=\"og:image:type\" content=\"image\/jpeg\" \/>\n<meta name=\"author\" content=\"Y buen vino\" \/>\n<meta name=\"twitter:card\" content=\"summary_large_image\" \/>\n<meta name=\"twitter:creator\" content=\"@ybuenvino\" \/>\n<meta name=\"twitter:site\" content=\"@ybuenvino\" \/>\n<meta name=\"twitter:label1\" content=\"Escrito por\" \/>\n\t<meta name=\"twitter:data1\" content=\"Y buen vino\" \/>\n\t<meta name=\"twitter:label2\" content=\"Tiempo de lectura\" \/>\n\t<meta name=\"twitter:data2\" content=\"3 minutos\" \/>\n<script type=\"application\/ld+json\" class=\"yoast-schema-graph\">{\"@context\":\"https:\\\/\\\/schema.org\",\"@graph\":[{\"@type\":\"Article\",\"@id\":\"https:\\\/\\\/ybuenvino.com\\\/index.php\\\/2021\\\/02\\\/06\\\/priorat\\\/#article\",\"isPartOf\":{\"@id\":\"https:\\\/\\\/ybuenvino.com\\\/index.php\\\/2021\\\/02\\\/06\\\/priorat\\\/\"},\"author\":{\"name\":\"Y buen vino\",\"@id\":\"https:\\\/\\\/ybuenvino.com\\\/#\\\/schema\\\/person\\\/3a6dc36bc3d11e0bc70eb233c9b51ac5\"},\"headline\":\"Priorat\",\"datePublished\":\"2021-02-06T20:19:51+00:00\",\"dateModified\":\"2022-01-28T20:43:04+00:00\",\"mainEntityOfPage\":{\"@id\":\"https:\\\/\\\/ybuenvino.com\\\/index.php\\\/2021\\\/02\\\/06\\\/priorat\\\/\"},\"wordCount\":570,\"commentCount\":0,\"publisher\":{\"@id\":\"https:\\\/\\\/ybuenvino.com\\\/#organization\"},\"image\":{\"@id\":\"https:\\\/\\\/ybuenvino.com\\\/index.php\\\/2021\\\/02\\\/06\\\/priorat\\\/#primaryimage\"},\"thumbnailUrl\":\"https:\\\/\\\/ybuenvino.com\\\/wp-content\\\/uploads\\\/2021\\\/02\\\/PRIORAT-cab.jpg\",\"articleSection\":[\"Cine\",\"Cultura\"],\"inLanguage\":\"es\",\"potentialAction\":[{\"@type\":\"CommentAction\",\"name\":\"Comment\",\"target\":[\"https:\\\/\\\/ybuenvino.com\\\/index.php\\\/2021\\\/02\\\/06\\\/priorat\\\/#respond\"]}]},{\"@type\":\"WebPage\",\"@id\":\"https:\\\/\\\/ybuenvino.com\\\/index.php\\\/2021\\\/02\\\/06\\\/priorat\\\/\",\"url\":\"https:\\\/\\\/ybuenvino.com\\\/index.php\\\/2021\\\/02\\\/06\\\/priorat\\\/\",\"name\":\"Priorat - Y buen vino\",\"isPartOf\":{\"@id\":\"https:\\\/\\\/ybuenvino.com\\\/#website\"},\"primaryImageOfPage\":{\"@id\":\"https:\\\/\\\/ybuenvino.com\\\/index.php\\\/2021\\\/02\\\/06\\\/priorat\\\/#primaryimage\"},\"image\":{\"@id\":\"https:\\\/\\\/ybuenvino.com\\\/index.php\\\/2021\\\/02\\\/06\\\/priorat\\\/#primaryimage\"},\"thumbnailUrl\":\"https:\\\/\\\/ybuenvino.com\\\/wp-content\\\/uploads\\\/2021\\\/02\\\/PRIORAT-cab.jpg\",\"datePublished\":\"2021-02-06T20:19:51+00:00\",\"dateModified\":\"2022-01-28T20:43:04+00:00\",\"description\":\"El documental Priorat nos muestra la evoluci\u00f3n de esta zona productora de vino, gracias a cinco j\u00f3venes emprendedores.\",\"breadcrumb\":{\"@id\":\"https:\\\/\\\/ybuenvino.com\\\/index.php\\\/2021\\\/02\\\/06\\\/priorat\\\/#breadcrumb\"},\"inLanguage\":\"es\",\"potentialAction\":[{\"@type\":\"ReadAction\",\"target\":[\"https:\\\/\\\/ybuenvino.com\\\/index.php\\\/2021\\\/02\\\/06\\\/priorat\\\/\"]}]},{\"@type\":\"ImageObject\",\"inLanguage\":\"es\",\"@id\":\"https:\\\/\\\/ybuenvino.com\\\/index.php\\\/2021\\\/02\\\/06\\\/priorat\\\/#primaryimage\",\"url\":\"https:\\\/\\\/ybuenvino.com\\\/wp-content\\\/uploads\\\/2021\\\/02\\\/PRIORAT-cab.jpg\",\"contentUrl\":\"https:\\\/\\\/ybuenvino.com\\\/wp-content\\\/uploads\\\/2021\\\/02\\\/PRIORAT-cab.jpg\",\"width\":1063,\"height\":598,\"caption\":\"Priorat\"},{\"@type\":\"BreadcrumbList\",\"@id\":\"https:\\\/\\\/ybuenvino.com\\\/index.php\\\/2021\\\/02\\\/06\\\/priorat\\\/#breadcrumb\",\"itemListElement\":[{\"@type\":\"ListItem\",\"position\":1,\"name\":\"Portada\",\"item\":\"https:\\\/\\\/ybuenvino.com\\\/\"},{\"@type\":\"ListItem\",\"position\":2,\"name\":\"Priorat\"}]},{\"@type\":\"WebSite\",\"@id\":\"https:\\\/\\\/ybuenvino.com\\\/#website\",\"url\":\"https:\\\/\\\/ybuenvino.com\\\/\",\"name\":\"Y buen vino\",\"description\":\"Pasi&oacute;n por el vino\",\"publisher\":{\"@id\":\"https:\\\/\\\/ybuenvino.com\\\/#organization\"},\"potentialAction\":[{\"@type\":\"SearchAction\",\"target\":{\"@type\":\"EntryPoint\",\"urlTemplate\":\"https:\\\/\\\/ybuenvino.com\\\/?s={search_term_string}\"},\"query-input\":{\"@type\":\"PropertyValueSpecification\",\"valueRequired\":true,\"valueName\":\"search_term_string\"}}],\"inLanguage\":\"es\"},{\"@type\":\"Organization\",\"@id\":\"https:\\\/\\\/ybuenvino.com\\\/#organization\",\"name\":\"Y Buen Vino\",\"url\":\"https:\\\/\\\/ybuenvino.com\\\/\",\"logo\":{\"@type\":\"ImageObject\",\"inLanguage\":\"es\",\"@id\":\"https:\\\/\\\/ybuenvino.com\\\/#\\\/schema\\\/logo\\\/image\\\/\",\"url\":\"https:\\\/\\\/ybuenvino.com\\\/wp-content\\\/uploads\\\/2020\\\/07\\\/buenvinomancha.jpg\",\"contentUrl\":\"https:\\\/\\\/ybuenvino.com\\\/wp-content\\\/uploads\\\/2020\\\/07\\\/buenvinomancha.jpg\",\"width\":500,\"height\":500,\"caption\":\"Y Buen Vino\"},\"image\":{\"@id\":\"https:\\\/\\\/ybuenvino.com\\\/#\\\/schema\\\/logo\\\/image\\\/\"},\"sameAs\":[\"https:\\\/\\\/www.facebook.com\\\/Buen-Vino-285329735753671\\\/\",\"https:\\\/\\\/x.com\\\/ybuenvino\",\"https:\\\/\\\/www.instagram.com\\\/ybuenvino\\\/\"]},{\"@type\":\"Person\",\"@id\":\"https:\\\/\\\/ybuenvino.com\\\/#\\\/schema\\\/person\\\/3a6dc36bc3d11e0bc70eb233c9b51ac5\",\"name\":\"Y buen vino\",\"image\":{\"@type\":\"ImageObject\",\"inLanguage\":\"es\",\"@id\":\"https:\\\/\\\/secure.gravatar.com\\\/avatar\\\/ddcb159ff52311e0da6ab147e449200f467643cf24f6f8ac815333c0c84c401e?s=96&d=mm&r=g\",\"url\":\"https:\\\/\\\/secure.gravatar.com\\\/avatar\\\/ddcb159ff52311e0da6ab147e449200f467643cf24f6f8ac815333c0c84c401e?s=96&d=mm&r=g\",\"contentUrl\":\"https:\\\/\\\/secure.gravatar.com\\\/avatar\\\/ddcb159ff52311e0da6ab147e449200f467643cf24f6f8ac815333c0c84c401e?s=96&d=mm&r=g\",\"caption\":\"Y buen vino\"},\"sameAs\":[\"https:\\\/\\\/ybuenvino.com\"]}]}<\/script>\n<!-- \/ Yoast SEO plugin. -->","yoast_head_json":{"title":"Priorat - Y buen vino","description":"El documental Priorat nos muestra la evoluci\u00f3n de esta zona productora de vino, gracias a cinco j\u00f3venes emprendedores.","robots":{"index":"index","follow":"follow","max-snippet":"max-snippet:-1","max-image-preview":"max-image-preview:large","max-video-preview":"max-video-preview:-1"},"canonical":"https:\/\/ybuenvino.com\/index.php\/2021\/02\/06\/priorat\/","og_locale":"es_ES","og_type":"article","og_title":"Priorat - Y buen vino","og_description":"El documental Priorat nos muestra la evoluci\u00f3n de esta zona productora de vino, gracias a cinco j\u00f3venes emprendedores.","og_url":"https:\/\/ybuenvino.com\/index.php\/2021\/02\/06\/priorat\/","og_site_name":"Y buen vino","article_publisher":"https:\/\/www.facebook.com\/Buen-Vino-285329735753671\/","article_published_time":"2021-02-06T20:19:51+00:00","article_modified_time":"2022-01-28T20:43:04+00:00","og_image":[{"width":1063,"height":598,"url":"https:\/\/ybuenvino.com\/wp-content\/uploads\/2021\/02\/PRIORAT-cab.jpg","type":"image\/jpeg"}],"author":"Y buen vino","twitter_card":"summary_large_image","twitter_creator":"@ybuenvino","twitter_site":"@ybuenvino","twitter_misc":{"Escrito por":"Y buen vino","Tiempo de lectura":"3 minutos"},"schema":{"@context":"https:\/\/schema.org","@graph":[{"@type":"Article","@id":"https:\/\/ybuenvino.com\/index.php\/2021\/02\/06\/priorat\/#article","isPartOf":{"@id":"https:\/\/ybuenvino.com\/index.php\/2021\/02\/06\/priorat\/"},"author":{"name":"Y buen vino","@id":"https:\/\/ybuenvino.com\/#\/schema\/person\/3a6dc36bc3d11e0bc70eb233c9b51ac5"},"headline":"Priorat","datePublished":"2021-02-06T20:19:51+00:00","dateModified":"2022-01-28T20:43:04+00:00","mainEntityOfPage":{"@id":"https:\/\/ybuenvino.com\/index.php\/2021\/02\/06\/priorat\/"},"wordCount":570,"commentCount":0,"publisher":{"@id":"https:\/\/ybuenvino.com\/#organization"},"image":{"@id":"https:\/\/ybuenvino.com\/index.php\/2021\/02\/06\/priorat\/#primaryimage"},"thumbnailUrl":"https:\/\/ybuenvino.com\/wp-content\/uploads\/2021\/02\/PRIORAT-cab.jpg","articleSection":["Cine","Cultura"],"inLanguage":"es","potentialAction":[{"@type":"CommentAction","name":"Comment","target":["https:\/\/ybuenvino.com\/index.php\/2021\/02\/06\/priorat\/#respond"]}]},{"@type":"WebPage","@id":"https:\/\/ybuenvino.com\/index.php\/2021\/02\/06\/priorat\/","url":"https:\/\/ybuenvino.com\/index.php\/2021\/02\/06\/priorat\/","name":"Priorat - Y buen vino","isPartOf":{"@id":"https:\/\/ybuenvino.com\/#website"},"primaryImageOfPage":{"@id":"https:\/\/ybuenvino.com\/index.php\/2021\/02\/06\/priorat\/#primaryimage"},"image":{"@id":"https:\/\/ybuenvino.com\/index.php\/2021\/02\/06\/priorat\/#primaryimage"},"thumbnailUrl":"https:\/\/ybuenvino.com\/wp-content\/uploads\/2021\/02\/PRIORAT-cab.jpg","datePublished":"2021-02-06T20:19:51+00:00","dateModified":"2022-01-28T20:43:04+00:00","description":"El documental Priorat nos muestra la evoluci\u00f3n de esta zona productora de vino, gracias a cinco j\u00f3venes emprendedores.","breadcrumb":{"@id":"https:\/\/ybuenvino.com\/index.php\/2021\/02\/06\/priorat\/#breadcrumb"},"inLanguage":"es","potentialAction":[{"@type":"ReadAction","target":["https:\/\/ybuenvino.com\/index.php\/2021\/02\/06\/priorat\/"]}]},{"@type":"ImageObject","inLanguage":"es","@id":"https:\/\/ybuenvino.com\/index.php\/2021\/02\/06\/priorat\/#primaryimage","url":"https:\/\/ybuenvino.com\/wp-content\/uploads\/2021\/02\/PRIORAT-cab.jpg","contentUrl":"https:\/\/ybuenvino.com\/wp-content\/uploads\/2021\/02\/PRIORAT-cab.jpg","width":1063,"height":598,"caption":"Priorat"},{"@type":"BreadcrumbList","@id":"https:\/\/ybuenvino.com\/index.php\/2021\/02\/06\/priorat\/#breadcrumb","itemListElement":[{"@type":"ListItem","position":1,"name":"Portada","item":"https:\/\/ybuenvino.com\/"},{"@type":"ListItem","position":2,"name":"Priorat"}]},{"@type":"WebSite","@id":"https:\/\/ybuenvino.com\/#website","url":"https:\/\/ybuenvino.com\/","name":"Y buen vino","description":"Pasi&oacute;n por el vino","publisher":{"@id":"https:\/\/ybuenvino.com\/#organization"},"potentialAction":[{"@type":"SearchAction","target":{"@type":"EntryPoint","urlTemplate":"https:\/\/ybuenvino.com\/?s={search_term_string}"},"query-input":{"@type":"PropertyValueSpecification","valueRequired":true,"valueName":"search_term_string"}}],"inLanguage":"es"},{"@type":"Organization","@id":"https:\/\/ybuenvino.com\/#organization","name":"Y Buen Vino","url":"https:\/\/ybuenvino.com\/","logo":{"@type":"ImageObject","inLanguage":"es","@id":"https:\/\/ybuenvino.com\/#\/schema\/logo\/image\/","url":"https:\/\/ybuenvino.com\/wp-content\/uploads\/2020\/07\/buenvinomancha.jpg","contentUrl":"https:\/\/ybuenvino.com\/wp-content\/uploads\/2020\/07\/buenvinomancha.jpg","width":500,"height":500,"caption":"Y Buen Vino"},"image":{"@id":"https:\/\/ybuenvino.com\/#\/schema\/logo\/image\/"},"sameAs":["https:\/\/www.facebook.com\/Buen-Vino-285329735753671\/","https:\/\/x.com\/ybuenvino","https:\/\/www.instagram.com\/ybuenvino\/"]},{"@type":"Person","@id":"https:\/\/ybuenvino.com\/#\/schema\/person\/3a6dc36bc3d11e0bc70eb233c9b51ac5","name":"Y buen vino","image":{"@type":"ImageObject","inLanguage":"es","@id":"https:\/\/secure.gravatar.com\/avatar\/ddcb159ff52311e0da6ab147e449200f467643cf24f6f8ac815333c0c84c401e?s=96&d=mm&r=g","url":"https:\/\/secure.gravatar.com\/avatar\/ddcb159ff52311e0da6ab147e449200f467643cf24f6f8ac815333c0c84c401e?s=96&d=mm&r=g","contentUrl":"https:\/\/secure.gravatar.com\/avatar\/ddcb159ff52311e0da6ab147e449200f467643cf24f6f8ac815333c0c84c401e?s=96&d=mm&r=g","caption":"Y buen vino"},"sameAs":["https:\/\/ybuenvino.com"]}]}},"_links":{"self":[{"href":"https:\/\/ybuenvino.com\/index.php\/wp-json\/wp\/v2\/posts\/524","targetHints":{"allow":["GET"]}}],"collection":[{"href":"https:\/\/ybuenvino.com\/index.php\/wp-json\/wp\/v2\/posts"}],"about":[{"href":"https:\/\/ybuenvino.com\/index.php\/wp-json\/wp\/v2\/types\/post"}],"author":[{"embeddable":true,"href":"https:\/\/ybuenvino.com\/index.php\/wp-json\/wp\/v2\/users\/1"}],"replies":[{"embeddable":true,"href":"https:\/\/ybuenvino.com\/index.php\/wp-json\/wp\/v2\/comments?post=524"}],"version-history":[{"count":8,"href":"https:\/\/ybuenvino.com\/index.php\/wp-json\/wp\/v2\/posts\/524\/revisions"}],"predecessor-version":[{"id":534,"href":"https:\/\/ybuenvino.com\/index.php\/wp-json\/wp\/v2\/posts\/524\/revisions\/534"}],"wp:featuredmedia":[{"embeddable":true,"href":"https:\/\/ybuenvino.com\/index.php\/wp-json\/wp\/v2\/media\/536"}],"wp:attachment":[{"href":"https:\/\/ybuenvino.com\/index.php\/wp-json\/wp\/v2\/media?parent=524"}],"wp:term":[{"taxonomy":"category","embeddable":true,"href":"https:\/\/ybuenvino.com\/index.php\/wp-json\/wp\/v2\/categories?post=524"},{"taxonomy":"post_tag","embeddable":true,"href":"https:\/\/ybuenvino.com\/index.php\/wp-json\/wp\/v2\/tags?post=524"}],"curies":[{"name":"wp","href":"https:\/\/api.w.org\/{rel}","templated":true}]}}