{"id":426,"date":"2020-11-28T14:12:22","date_gmt":"2020-11-28T14:12:22","guid":{"rendered":"https:\/\/ybuenvino.com\/?p=426"},"modified":"2021-01-12T20:47:47","modified_gmt":"2021-01-12T20:47:47","slug":"la-fuerza-de-un-destino-la-historia-de-jean-leon-por-marti-gironell","status":"publish","type":"post","link":"https:\/\/ybuenvino.com\/index.php\/2020\/11\/28\/la-fuerza-de-un-destino-la-historia-de-jean-leon-por-marti-gironell\/","title":{"rendered":"La Fuerza de un Destino: la historia de Jean Leon por Mart\u00ed Gironell"},"content":{"rendered":"<p>Las historias de los hombres (o mujeres) <em>Self Made<\/em>, emprendedores (por seguir con los eufemismos) de \u00e9xito, seducen a mucha gente. El paradigma cl\u00e1sico de estas peripecias capitalistas son sin duda las historias del sue\u00f1o americano del siglo pasado, de aquellos que de la nada emerg\u00edan al estrellato en la Am\u00e9rica de las oportunidades. <em><strong>\u201cLa Fuerza del Destino\u201d<\/strong> <\/em>pertenece a esa categor\u00eda en tanto narra el periplo de <strong>Ceferino Carri\u00f3n<\/strong>, exiliado en la Espa\u00f1a de la postguerra que adopt\u00f3 el nombre de <strong>Jean Leon<\/strong> por el que es conocido, fundamentalmente, por sus vinos del <em><strong>Pened\u00e9s<\/strong><\/em>.<\/p>\n<p>La novela se lee de un tir\u00f3n, gracias a la capacidad del periodista y novelista <strong>Mart\u00ed Gironell<\/strong> de seducir al lector con esta historia de superaci\u00f3n y coraje, pero tambi\u00e9n por los ingredientes del glamour y del retrato del Hollywood de los a\u00f1os 60 y 70 que pulula por sus p\u00e1ginas. <strong>Jean Leon<\/strong> pas\u00f3 de llegar como poliz\u00f3n a Nueva York, sin un d\u00f3lar en sus bolsillos, a regentar uno de los restaurantes m\u00e1s concurridos por las estrellas de Hollywood en las inmediaciones de Los \u00c1ngeles, <em><strong>La Scala<\/strong><\/em>. Se hizo amigo \u00edntimo de <strong>James Dean<\/strong> (s\u00f3lo la prematura muerte del actor evit\u00f3 que adem\u00e1s fuesen socios de un restaurante), trabaj\u00f3 muchos a\u00f1os para <strong>Frank Sinatra<\/strong> y estableci\u00f3 amistades s\u00f3lidas con gente como <strong>Paul Newman<\/strong>, <strong>Marilyn Monroe<\/strong>, <strong>Liz Taylor<\/strong> e incluso con los presidentes de USA <strong>John Fitzgerald Kennedy<\/strong> o el inefable <strong>Ronald Reagan<\/strong>. A pesar de la discreci\u00f3n que le caracteriz\u00f3 y que le granje\u00f3 la confianza de todas estas estrellas, la novela repasa algunos pasajes jugosos de esas celebridades que forman parte ya de la cultura popular de occidente.<\/p>\n<p><img loading=\"lazy\" decoding=\"async\" class=\"alignright wp-image-431 size-medium\" src=\"https:\/\/ybuenvino.com\/wp-content\/uploads\/2020\/11\/jeanleonbotella-93x300.png\" alt=\"Jean Leon botella\" width=\"93\" height=\"300\" srcset=\"https:\/\/ybuenvino.com\/wp-content\/uploads\/2020\/11\/jeanleonbotella-93x300.png 93w, https:\/\/ybuenvino.com\/wp-content\/uploads\/2020\/11\/jeanleonbotella.png 117w\" sizes=\"auto, (max-width: 93px) 100vw, 93px\" \/><\/p>\n<p>Sobre el vino, sinceramente, se habla poco en la novela. S\u00f3lo al final, cuando <strong>Jean Leon<\/strong> se plantea el reto de tener su propio vino y consigue montar su bodega en el <em><strong>Pened\u00e9s<\/strong><\/em>, la novela se centra en este aspecto, pero ya en una etapa muy crepuscular de la vida de Le\u00f3n, pr\u00e1cticamente en la cima de su \u00e9xito. <strong>Jean Leon<\/strong> acab\u00f3 volviendo a sus or\u00edgenes, fue capaz de crear una bodega que hizo sombra a los reputados vinos franceses y dio una nueva interpretaci\u00f3n de la enolog\u00eda en un pa\u00eds monopolizado por los vinos de <em><strong>La Rioja<\/strong><\/em>. Pero ya digo, no esper\u00e9is encontrar en en este libro mucho sobre esta \u00faltima faceta del personaje.<\/p>\n<p>Al final de su vida y antes de dedicar sus \u00faltimos a\u00f1os a navegar, <strong>Jean Leon<\/strong> confi\u00f3 su proyecto a la familia<strong> Torres<\/strong> que sigue elaborando vinos con el nombre de esta figura \u00fanica en en el mundo de la viticultura, pero tambi\u00e9n de la historia reciente de los emprendedores patrios. Si quer\u00e9is conocer m\u00e1s cosas sobre \u00e9l, en la web de la bodega tienen una p\u00e1gina dedicada a su figura.<\/p>\n<p><a href=\"https:\/\/www.jeanleon.com\/el-hombre\/\" target=\"_blank\" rel=\"noopener noreferrer\">https:\/\/www.jeanleon.com\/el-hombre\/<\/a><\/p>\n<p><a href=\"https:\/\/www.planetadelibros.com\/libro-la-fuerza-de-un-destino\/265644\" target=\"_blank\" rel=\"noopener noreferrer\">M\u00e1s informaci\u00f3n sobre la novela.<\/a><\/p>\n","protected":false},"excerpt":{"rendered":"<p>Las historias de los hombres (o mujeres) Self Made, emprendedores (por seguir con los eufemismos) de \u00e9xito, seducen a mucha gente. El paradigma cl\u00e1sico de estas peripecias capitalistas son sin duda las historias del sue\u00f1o americano del siglo pasado, de aquellos que de la nada emerg\u00edan al estrellato en la Am\u00e9rica de las oportunidades. \u201cLa [&hellip;]<\/p>\n","protected":false},"author":1,"featured_media":429,"comment_status":"open","ping_status":"open","sticky":false,"template":"","format":"standard","meta":{"_et_pb_use_builder":"","_et_pb_old_content":"","_et_gb_content_width":"","_monsterinsights_skip_tracking":false,"_monsterinsights_sitenote_active":false,"_monsterinsights_sitenote_note":"","_monsterinsights_sitenote_category":0,"footnotes":""},"categories":[17],"tags":[24,18,23,19,25,22,21,26,20],"class_list":["post-426","post","type-post","status-publish","format-standard","has-post-thumbnail","hentry","category-cultura","tag-dean","tag-jean-leon","tag-kennedy","tag-marti-gironell","tag-monroe","tag-reagan","tag-sinatra","tag-taylor","tag-torres","et-has-post-format-content","et_post_format-et-post-format-standard"],"yoast_head":"<!-- This site is optimized with the Yoast SEO plugin v27.5 - https:\/\/yoast.com\/product\/yoast-seo-wordpress\/ -->\n<title>La Fuerza de un Destino: la historia de Jean Leon por Mart\u00ed Gironell - Y buen vino<\/title>\n<meta name=\"description\" content=\"Rese\u00f1a de la novela que narra la vida de Jean Leon, uno de los grandes del vino del Pened\u00e9s.\" \/>\n<meta name=\"robots\" content=\"index, follow, max-snippet:-1, max-image-preview:large, max-video-preview:-1\" \/>\n<link rel=\"canonical\" href=\"https:\/\/ybuenvino.com\/index.php\/2020\/11\/28\/la-fuerza-de-un-destino-la-historia-de-jean-leon-por-marti-gironell\/\" \/>\n<meta property=\"og:locale\" content=\"es_ES\" \/>\n<meta property=\"og:type\" content=\"article\" \/>\n<meta property=\"og:title\" content=\"La Fuerza de un Destino: la historia de Jean Leon por Mart\u00ed Gironell - Y buen vino\" \/>\n<meta property=\"og:description\" content=\"Rese\u00f1a de la novela que narra la vida de Jean Leon, uno de los grandes del vino del Pened\u00e9s.\" \/>\n<meta property=\"og:url\" content=\"https:\/\/ybuenvino.com\/index.php\/2020\/11\/28\/la-fuerza-de-un-destino-la-historia-de-jean-leon-por-marti-gironell\/\" \/>\n<meta property=\"og:site_name\" content=\"Y buen vino\" \/>\n<meta property=\"article:publisher\" content=\"https:\/\/www.facebook.com\/Buen-Vino-285329735753671\/\" \/>\n<meta property=\"article:published_time\" content=\"2020-11-28T14:12:22+00:00\" \/>\n<meta property=\"article:modified_time\" content=\"2021-01-12T20:47:47+00:00\" \/>\n<meta property=\"og:image\" content=\"https:\/\/ybuenvino.com\/wp-content\/uploads\/2020\/11\/fuerzadeundestino.jpg\" \/>\n\t<meta property=\"og:image:width\" content=\"510\" \/>\n\t<meta property=\"og:image:height\" content=\"284\" \/>\n\t<meta property=\"og:image:type\" content=\"image\/jpeg\" \/>\n<meta name=\"author\" content=\"Y buen vino\" \/>\n<meta name=\"twitter:card\" content=\"summary_large_image\" \/>\n<meta name=\"twitter:creator\" content=\"@ybuenvino\" \/>\n<meta name=\"twitter:site\" content=\"@ybuenvino\" \/>\n<meta name=\"twitter:label1\" content=\"Escrito por\" \/>\n\t<meta name=\"twitter:data1\" content=\"Y buen vino\" \/>\n\t<meta name=\"twitter:label2\" content=\"Tiempo de lectura\" \/>\n\t<meta name=\"twitter:data2\" content=\"3 minutos\" \/>\n<script type=\"application\/ld+json\" class=\"yoast-schema-graph\">{\"@context\":\"https:\\\/\\\/schema.org\",\"@graph\":[{\"@type\":\"Article\",\"@id\":\"https:\\\/\\\/ybuenvino.com\\\/index.php\\\/2020\\\/11\\\/28\\\/la-fuerza-de-un-destino-la-historia-de-jean-leon-por-marti-gironell\\\/#article\",\"isPartOf\":{\"@id\":\"https:\\\/\\\/ybuenvino.com\\\/index.php\\\/2020\\\/11\\\/28\\\/la-fuerza-de-un-destino-la-historia-de-jean-leon-por-marti-gironell\\\/\"},\"author\":{\"name\":\"Y buen vino\",\"@id\":\"https:\\\/\\\/ybuenvino.com\\\/#\\\/schema\\\/person\\\/3a6dc36bc3d11e0bc70eb233c9b51ac5\"},\"headline\":\"La Fuerza de un Destino: la historia de Jean Leon por Mart\u00ed Gironell\",\"datePublished\":\"2020-11-28T14:12:22+00:00\",\"dateModified\":\"2021-01-12T20:47:47+00:00\",\"mainEntityOfPage\":{\"@id\":\"https:\\\/\\\/ybuenvino.com\\\/index.php\\\/2020\\\/11\\\/28\\\/la-fuerza-de-un-destino-la-historia-de-jean-leon-por-marti-gironell\\\/\"},\"wordCount\":519,\"commentCount\":1,\"publisher\":{\"@id\":\"https:\\\/\\\/ybuenvino.com\\\/#organization\"},\"image\":{\"@id\":\"https:\\\/\\\/ybuenvino.com\\\/index.php\\\/2020\\\/11\\\/28\\\/la-fuerza-de-un-destino-la-historia-de-jean-leon-por-marti-gironell\\\/#primaryimage\"},\"thumbnailUrl\":\"https:\\\/\\\/ybuenvino.com\\\/wp-content\\\/uploads\\\/2020\\\/11\\\/fuerzadeundestino.jpg\",\"keywords\":[\"Dean\",\"Jean Leon\",\"Kennedy\",\"Mart\u00ed Gironell\",\"Monroe\",\"REagan\",\"Sinatra\",\"Taylor\",\"Torres\"],\"articleSection\":[\"Cultura\"],\"inLanguage\":\"es\",\"potentialAction\":[{\"@type\":\"CommentAction\",\"name\":\"Comment\",\"target\":[\"https:\\\/\\\/ybuenvino.com\\\/index.php\\\/2020\\\/11\\\/28\\\/la-fuerza-de-un-destino-la-historia-de-jean-leon-por-marti-gironell\\\/#respond\"]}]},{\"@type\":\"WebPage\",\"@id\":\"https:\\\/\\\/ybuenvino.com\\\/index.php\\\/2020\\\/11\\\/28\\\/la-fuerza-de-un-destino-la-historia-de-jean-leon-por-marti-gironell\\\/\",\"url\":\"https:\\\/\\\/ybuenvino.com\\\/index.php\\\/2020\\\/11\\\/28\\\/la-fuerza-de-un-destino-la-historia-de-jean-leon-por-marti-gironell\\\/\",\"name\":\"La Fuerza de un Destino: la historia de Jean Leon por Mart\u00ed Gironell - Y buen vino\",\"isPartOf\":{\"@id\":\"https:\\\/\\\/ybuenvino.com\\\/#website\"},\"primaryImageOfPage\":{\"@id\":\"https:\\\/\\\/ybuenvino.com\\\/index.php\\\/2020\\\/11\\\/28\\\/la-fuerza-de-un-destino-la-historia-de-jean-leon-por-marti-gironell\\\/#primaryimage\"},\"image\":{\"@id\":\"https:\\\/\\\/ybuenvino.com\\\/index.php\\\/2020\\\/11\\\/28\\\/la-fuerza-de-un-destino-la-historia-de-jean-leon-por-marti-gironell\\\/#primaryimage\"},\"thumbnailUrl\":\"https:\\\/\\\/ybuenvino.com\\\/wp-content\\\/uploads\\\/2020\\\/11\\\/fuerzadeundestino.jpg\",\"datePublished\":\"2020-11-28T14:12:22+00:00\",\"dateModified\":\"2021-01-12T20:47:47+00:00\",\"description\":\"Rese\u00f1a de la novela que narra la vida de Jean Leon, uno de los grandes del vino del Pened\u00e9s.\",\"breadcrumb\":{\"@id\":\"https:\\\/\\\/ybuenvino.com\\\/index.php\\\/2020\\\/11\\\/28\\\/la-fuerza-de-un-destino-la-historia-de-jean-leon-por-marti-gironell\\\/#breadcrumb\"},\"inLanguage\":\"es\",\"potentialAction\":[{\"@type\":\"ReadAction\",\"target\":[\"https:\\\/\\\/ybuenvino.com\\\/index.php\\\/2020\\\/11\\\/28\\\/la-fuerza-de-un-destino-la-historia-de-jean-leon-por-marti-gironell\\\/\"]}]},{\"@type\":\"ImageObject\",\"inLanguage\":\"es\",\"@id\":\"https:\\\/\\\/ybuenvino.com\\\/index.php\\\/2020\\\/11\\\/28\\\/la-fuerza-de-un-destino-la-historia-de-jean-leon-por-marti-gironell\\\/#primaryimage\",\"url\":\"https:\\\/\\\/ybuenvino.com\\\/wp-content\\\/uploads\\\/2020\\\/11\\\/fuerzadeundestino.jpg\",\"contentUrl\":\"https:\\\/\\\/ybuenvino.com\\\/wp-content\\\/uploads\\\/2020\\\/11\\\/fuerzadeundestino.jpg\",\"width\":510,\"height\":284,\"caption\":\"La fuerza de un destino\"},{\"@type\":\"BreadcrumbList\",\"@id\":\"https:\\\/\\\/ybuenvino.com\\\/index.php\\\/2020\\\/11\\\/28\\\/la-fuerza-de-un-destino-la-historia-de-jean-leon-por-marti-gironell\\\/#breadcrumb\",\"itemListElement\":[{\"@type\":\"ListItem\",\"position\":1,\"name\":\"Portada\",\"item\":\"https:\\\/\\\/ybuenvino.com\\\/\"},{\"@type\":\"ListItem\",\"position\":2,\"name\":\"La Fuerza de un Destino: la historia de Jean Leon por Mart\u00ed Gironell\"}]},{\"@type\":\"WebSite\",\"@id\":\"https:\\\/\\\/ybuenvino.com\\\/#website\",\"url\":\"https:\\\/\\\/ybuenvino.com\\\/\",\"name\":\"Y buen vino\",\"description\":\"Pasi&oacute;n por el vino\",\"publisher\":{\"@id\":\"https:\\\/\\\/ybuenvino.com\\\/#organization\"},\"potentialAction\":[{\"@type\":\"SearchAction\",\"target\":{\"@type\":\"EntryPoint\",\"urlTemplate\":\"https:\\\/\\\/ybuenvino.com\\\/?s={search_term_string}\"},\"query-input\":{\"@type\":\"PropertyValueSpecification\",\"valueRequired\":true,\"valueName\":\"search_term_string\"}}],\"inLanguage\":\"es\"},{\"@type\":\"Organization\",\"@id\":\"https:\\\/\\\/ybuenvino.com\\\/#organization\",\"name\":\"Y Buen Vino\",\"url\":\"https:\\\/\\\/ybuenvino.com\\\/\",\"logo\":{\"@type\":\"ImageObject\",\"inLanguage\":\"es\",\"@id\":\"https:\\\/\\\/ybuenvino.com\\\/#\\\/schema\\\/logo\\\/image\\\/\",\"url\":\"https:\\\/\\\/ybuenvino.com\\\/wp-content\\\/uploads\\\/2020\\\/07\\\/buenvinomancha.jpg\",\"contentUrl\":\"https:\\\/\\\/ybuenvino.com\\\/wp-content\\\/uploads\\\/2020\\\/07\\\/buenvinomancha.jpg\",\"width\":500,\"height\":500,\"caption\":\"Y Buen Vino\"},\"image\":{\"@id\":\"https:\\\/\\\/ybuenvino.com\\\/#\\\/schema\\\/logo\\\/image\\\/\"},\"sameAs\":[\"https:\\\/\\\/www.facebook.com\\\/Buen-Vino-285329735753671\\\/\",\"https:\\\/\\\/x.com\\\/ybuenvino\",\"https:\\\/\\\/www.instagram.com\\\/ybuenvino\\\/\"]},{\"@type\":\"Person\",\"@id\":\"https:\\\/\\\/ybuenvino.com\\\/#\\\/schema\\\/person\\\/3a6dc36bc3d11e0bc70eb233c9b51ac5\",\"name\":\"Y buen vino\",\"image\":{\"@type\":\"ImageObject\",\"inLanguage\":\"es\",\"@id\":\"https:\\\/\\\/secure.gravatar.com\\\/avatar\\\/ddcb159ff52311e0da6ab147e449200f467643cf24f6f8ac815333c0c84c401e?s=96&d=mm&r=g\",\"url\":\"https:\\\/\\\/secure.gravatar.com\\\/avatar\\\/ddcb159ff52311e0da6ab147e449200f467643cf24f6f8ac815333c0c84c401e?s=96&d=mm&r=g\",\"contentUrl\":\"https:\\\/\\\/secure.gravatar.com\\\/avatar\\\/ddcb159ff52311e0da6ab147e449200f467643cf24f6f8ac815333c0c84c401e?s=96&d=mm&r=g\",\"caption\":\"Y buen vino\"},\"sameAs\":[\"https:\\\/\\\/ybuenvino.com\"]}]}<\/script>\n<!-- \/ Yoast SEO plugin. -->","yoast_head_json":{"title":"La Fuerza de un Destino: la historia de Jean Leon por Mart\u00ed Gironell - Y buen vino","description":"Rese\u00f1a de la novela que narra la vida de Jean Leon, uno de los grandes del vino del Pened\u00e9s.","robots":{"index":"index","follow":"follow","max-snippet":"max-snippet:-1","max-image-preview":"max-image-preview:large","max-video-preview":"max-video-preview:-1"},"canonical":"https:\/\/ybuenvino.com\/index.php\/2020\/11\/28\/la-fuerza-de-un-destino-la-historia-de-jean-leon-por-marti-gironell\/","og_locale":"es_ES","og_type":"article","og_title":"La Fuerza de un Destino: la historia de Jean Leon por Mart\u00ed Gironell - Y buen vino","og_description":"Rese\u00f1a de la novela que narra la vida de Jean Leon, uno de los grandes del vino del Pened\u00e9s.","og_url":"https:\/\/ybuenvino.com\/index.php\/2020\/11\/28\/la-fuerza-de-un-destino-la-historia-de-jean-leon-por-marti-gironell\/","og_site_name":"Y buen vino","article_publisher":"https:\/\/www.facebook.com\/Buen-Vino-285329735753671\/","article_published_time":"2020-11-28T14:12:22+00:00","article_modified_time":"2021-01-12T20:47:47+00:00","og_image":[{"width":510,"height":284,"url":"https:\/\/ybuenvino.com\/wp-content\/uploads\/2020\/11\/fuerzadeundestino.jpg","type":"image\/jpeg"}],"author":"Y buen vino","twitter_card":"summary_large_image","twitter_creator":"@ybuenvino","twitter_site":"@ybuenvino","twitter_misc":{"Escrito por":"Y buen vino","Tiempo de lectura":"3 minutos"},"schema":{"@context":"https:\/\/schema.org","@graph":[{"@type":"Article","@id":"https:\/\/ybuenvino.com\/index.php\/2020\/11\/28\/la-fuerza-de-un-destino-la-historia-de-jean-leon-por-marti-gironell\/#article","isPartOf":{"@id":"https:\/\/ybuenvino.com\/index.php\/2020\/11\/28\/la-fuerza-de-un-destino-la-historia-de-jean-leon-por-marti-gironell\/"},"author":{"name":"Y buen vino","@id":"https:\/\/ybuenvino.com\/#\/schema\/person\/3a6dc36bc3d11e0bc70eb233c9b51ac5"},"headline":"La Fuerza de un Destino: la historia de Jean Leon por Mart\u00ed Gironell","datePublished":"2020-11-28T14:12:22+00:00","dateModified":"2021-01-12T20:47:47+00:00","mainEntityOfPage":{"@id":"https:\/\/ybuenvino.com\/index.php\/2020\/11\/28\/la-fuerza-de-un-destino-la-historia-de-jean-leon-por-marti-gironell\/"},"wordCount":519,"commentCount":1,"publisher":{"@id":"https:\/\/ybuenvino.com\/#organization"},"image":{"@id":"https:\/\/ybuenvino.com\/index.php\/2020\/11\/28\/la-fuerza-de-un-destino-la-historia-de-jean-leon-por-marti-gironell\/#primaryimage"},"thumbnailUrl":"https:\/\/ybuenvino.com\/wp-content\/uploads\/2020\/11\/fuerzadeundestino.jpg","keywords":["Dean","Jean Leon","Kennedy","Mart\u00ed Gironell","Monroe","REagan","Sinatra","Taylor","Torres"],"articleSection":["Cultura"],"inLanguage":"es","potentialAction":[{"@type":"CommentAction","name":"Comment","target":["https:\/\/ybuenvino.com\/index.php\/2020\/11\/28\/la-fuerza-de-un-destino-la-historia-de-jean-leon-por-marti-gironell\/#respond"]}]},{"@type":"WebPage","@id":"https:\/\/ybuenvino.com\/index.php\/2020\/11\/28\/la-fuerza-de-un-destino-la-historia-de-jean-leon-por-marti-gironell\/","url":"https:\/\/ybuenvino.com\/index.php\/2020\/11\/28\/la-fuerza-de-un-destino-la-historia-de-jean-leon-por-marti-gironell\/","name":"La Fuerza de un Destino: la historia de Jean Leon por Mart\u00ed Gironell - Y buen vino","isPartOf":{"@id":"https:\/\/ybuenvino.com\/#website"},"primaryImageOfPage":{"@id":"https:\/\/ybuenvino.com\/index.php\/2020\/11\/28\/la-fuerza-de-un-destino-la-historia-de-jean-leon-por-marti-gironell\/#primaryimage"},"image":{"@id":"https:\/\/ybuenvino.com\/index.php\/2020\/11\/28\/la-fuerza-de-un-destino-la-historia-de-jean-leon-por-marti-gironell\/#primaryimage"},"thumbnailUrl":"https:\/\/ybuenvino.com\/wp-content\/uploads\/2020\/11\/fuerzadeundestino.jpg","datePublished":"2020-11-28T14:12:22+00:00","dateModified":"2021-01-12T20:47:47+00:00","description":"Rese\u00f1a de la novela que narra la vida de Jean Leon, uno de los grandes del vino del Pened\u00e9s.","breadcrumb":{"@id":"https:\/\/ybuenvino.com\/index.php\/2020\/11\/28\/la-fuerza-de-un-destino-la-historia-de-jean-leon-por-marti-gironell\/#breadcrumb"},"inLanguage":"es","potentialAction":[{"@type":"ReadAction","target":["https:\/\/ybuenvino.com\/index.php\/2020\/11\/28\/la-fuerza-de-un-destino-la-historia-de-jean-leon-por-marti-gironell\/"]}]},{"@type":"ImageObject","inLanguage":"es","@id":"https:\/\/ybuenvino.com\/index.php\/2020\/11\/28\/la-fuerza-de-un-destino-la-historia-de-jean-leon-por-marti-gironell\/#primaryimage","url":"https:\/\/ybuenvino.com\/wp-content\/uploads\/2020\/11\/fuerzadeundestino.jpg","contentUrl":"https:\/\/ybuenvino.com\/wp-content\/uploads\/2020\/11\/fuerzadeundestino.jpg","width":510,"height":284,"caption":"La fuerza de un destino"},{"@type":"BreadcrumbList","@id":"https:\/\/ybuenvino.com\/index.php\/2020\/11\/28\/la-fuerza-de-un-destino-la-historia-de-jean-leon-por-marti-gironell\/#breadcrumb","itemListElement":[{"@type":"ListItem","position":1,"name":"Portada","item":"https:\/\/ybuenvino.com\/"},{"@type":"ListItem","position":2,"name":"La Fuerza de un Destino: la historia de Jean Leon por Mart\u00ed Gironell"}]},{"@type":"WebSite","@id":"https:\/\/ybuenvino.com\/#website","url":"https:\/\/ybuenvino.com\/","name":"Y buen vino","description":"Pasi&oacute;n por el vino","publisher":{"@id":"https:\/\/ybuenvino.com\/#organization"},"potentialAction":[{"@type":"SearchAction","target":{"@type":"EntryPoint","urlTemplate":"https:\/\/ybuenvino.com\/?s={search_term_string}"},"query-input":{"@type":"PropertyValueSpecification","valueRequired":true,"valueName":"search_term_string"}}],"inLanguage":"es"},{"@type":"Organization","@id":"https:\/\/ybuenvino.com\/#organization","name":"Y Buen Vino","url":"https:\/\/ybuenvino.com\/","logo":{"@type":"ImageObject","inLanguage":"es","@id":"https:\/\/ybuenvino.com\/#\/schema\/logo\/image\/","url":"https:\/\/ybuenvino.com\/wp-content\/uploads\/2020\/07\/buenvinomancha.jpg","contentUrl":"https:\/\/ybuenvino.com\/wp-content\/uploads\/2020\/07\/buenvinomancha.jpg","width":500,"height":500,"caption":"Y Buen Vino"},"image":{"@id":"https:\/\/ybuenvino.com\/#\/schema\/logo\/image\/"},"sameAs":["https:\/\/www.facebook.com\/Buen-Vino-285329735753671\/","https:\/\/x.com\/ybuenvino","https:\/\/www.instagram.com\/ybuenvino\/"]},{"@type":"Person","@id":"https:\/\/ybuenvino.com\/#\/schema\/person\/3a6dc36bc3d11e0bc70eb233c9b51ac5","name":"Y buen vino","image":{"@type":"ImageObject","inLanguage":"es","@id":"https:\/\/secure.gravatar.com\/avatar\/ddcb159ff52311e0da6ab147e449200f467643cf24f6f8ac815333c0c84c401e?s=96&d=mm&r=g","url":"https:\/\/secure.gravatar.com\/avatar\/ddcb159ff52311e0da6ab147e449200f467643cf24f6f8ac815333c0c84c401e?s=96&d=mm&r=g","contentUrl":"https:\/\/secure.gravatar.com\/avatar\/ddcb159ff52311e0da6ab147e449200f467643cf24f6f8ac815333c0c84c401e?s=96&d=mm&r=g","caption":"Y buen vino"},"sameAs":["https:\/\/ybuenvino.com"]}]}},"_links":{"self":[{"href":"https:\/\/ybuenvino.com\/index.php\/wp-json\/wp\/v2\/posts\/426","targetHints":{"allow":["GET"]}}],"collection":[{"href":"https:\/\/ybuenvino.com\/index.php\/wp-json\/wp\/v2\/posts"}],"about":[{"href":"https:\/\/ybuenvino.com\/index.php\/wp-json\/wp\/v2\/types\/post"}],"author":[{"embeddable":true,"href":"https:\/\/ybuenvino.com\/index.php\/wp-json\/wp\/v2\/users\/1"}],"replies":[{"embeddable":true,"href":"https:\/\/ybuenvino.com\/index.php\/wp-json\/wp\/v2\/comments?post=426"}],"version-history":[{"count":5,"href":"https:\/\/ybuenvino.com\/index.php\/wp-json\/wp\/v2\/posts\/426\/revisions"}],"predecessor-version":[{"id":433,"href":"https:\/\/ybuenvino.com\/index.php\/wp-json\/wp\/v2\/posts\/426\/revisions\/433"}],"wp:featuredmedia":[{"embeddable":true,"href":"https:\/\/ybuenvino.com\/index.php\/wp-json\/wp\/v2\/media\/429"}],"wp:attachment":[{"href":"https:\/\/ybuenvino.com\/index.php\/wp-json\/wp\/v2\/media?parent=426"}],"wp:term":[{"taxonomy":"category","embeddable":true,"href":"https:\/\/ybuenvino.com\/index.php\/wp-json\/wp\/v2\/categories?post=426"},{"taxonomy":"post_tag","embeddable":true,"href":"https:\/\/ybuenvino.com\/index.php\/wp-json\/wp\/v2\/tags?post=426"}],"curies":[{"name":"wp","href":"https:\/\/api.w.org\/{rel}","templated":true}]}}