{"id":1021,"date":"2023-01-21T15:26:33","date_gmt":"2023-01-21T15:26:33","guid":{"rendered":"https:\/\/ybuenvino.com\/?p=1021"},"modified":"2023-02-20T23:32:49","modified_gmt":"2023-02-20T23:32:49","slug":"enero-de-2023-y-buen-vino","status":"publish","type":"post","link":"https:\/\/ybuenvino.com\/index.php\/2023\/01\/21\/enero-de-2023-y-buen-vino\/","title":{"rendered":"Enero de 2023 Y buen vino"},"content":{"rendered":"<p>Para el mundo del vino la cuesta de enero se hace con resaca, como procede. Resaca de ventas para los productores despu\u00e9s de las fiestas navide\u00f1as, la mejor \u00e9poca del a\u00f1o para vender uvas en botella; resaca del personal por los excesos navide\u00f1os, a veces regados de vinos elegidos por cu\u00f1ados que reflejan su sensibilidad tambi\u00e9n en el maridaje. Resaca que se despeja a mediados de mes para comenzar t\u00edmidamente a abrir salones del vino en la capital, como el de los vinos generosos o el de los vinos radicales, o la primera gran cita del a\u00f1o para la wineloverada, la<strong> III edici\u00f3n Madrid Fusi\u00f3n The Wine Edition<\/strong>, dentro de <strong>Madrid Fusi\u00f3n<\/strong>.<\/p>\n<p>Mientras arranca el a\u00f1o nos hemos entretenido con la Loba,el bizarrapero, Claramente y Salpiqu\u00e9, lament\u00e1ndonos, eso s\u00ed, de que al mundo del vino no le haya tocado ni la pedrea en este bombazo medi\u00e1tico en el que muchas marcas se han beneficiado por la mera menci\u00f3n o relaci\u00f3n con lo dicho por la diosa despechada. Ya se pod\u00eda haber tirado el rollo y haber mandado a alguien caminito de Jerez\u2026<\/p>\n<p>Como dir\u00edan en Fotogramas, Ni fr\u00edo ni calor, la emisi\u00f3n del \u00faltimo Salvados del a\u00f1o titulado \u201cBebo lo normal\u201d. Un programa que abordaba el tema de lo que soplamos en Espa\u00f1a, reuniendo en una casa de campo, barbacoa incluida, a una serie de rostros conocidos y otros an\u00f3nimos que ten\u00edan que contar algo sobre el h\u00e1bito de beber. La sumiller <strong>Marla Gonz\u00e1lez (@marlasom)<\/strong> fue la representante en clara minor\u00eda de la defensa del buen beber. El resto, dedicados a contar sus malas o nulas experiencias con el alcohol y a certificar que beber m\u00e1s de la cuenta es un problema, como todo el mundo sabe. Marla hizo lo que pudo para argumentar el epicureismo que nos caracteriza, pero plaza dif\u00edcil para reivindicar las maravillas de la enolog\u00eda. Ni fr\u00edo ni calor la respuesta en redes de \u201cwinelovers\u201d y compa\u00f1\u00eda sobre el programa. Buena filosof\u00eda la del \u201cno comment\u201d en este caso, pero vaya por delante que seguimos siendo uno de los pa\u00edses productores que menos vino consume.<\/p>\n<p>En Espa\u00f1a este a\u00f1o empieza con optimismo para algunas Denominaciones de Origen como la de Somontano que ha anunciado r\u00e9cord de botellas vendidas el a\u00f1o pasado, e incertidumbre para otras, como la de Rioja, por todo ese foll\u00f3n de la escisi\u00f3n de Vi\u00f1edos de \u00c1lava, que tan mala pinta tiene, sobre todo por el tufo politiquero del asunto. Pero entre las peores noticias nos quedamos con la desaparici\u00f3n de <strong>Javier Zaccagnini<\/strong>, un personaje fundamental en Ribera del Duero, no s\u00f3lo porque fue su director gerente durante unos a\u00f1os cruciales, tambi\u00e9n por su contribuci\u00f3n con la creaci\u00f3n de bodegas como <strong>Aalto<\/strong> y <strong>Sei Solo<\/strong>, una bodega que form\u00f3 junto con su hijo Michael. Tuve la suerte de acudir a algunas de sus catas y siempre tuve la sensaci\u00f3n de que era de esas personas que hacen a\u00fan m\u00e1s grande el mundo del vino.<\/p>\n<p>Pero la vida sigue y los concursos echan a andar. El <strong>15\u00ba Premio Vila Viniteca de Cata por Parejas<\/strong> sigue marcando r\u00e9cords en el tiempo en el que tardan en agotarse las inscripciones. Todo lleno en minutos. Se celebrar\u00e1 el 12 de marzo en el Casino de Madrid, y la pareja ganadora se llevar\u00e1 30.000 euritos. No est\u00e1 mal.<\/p>\n<p>El <strong>Concurso Internacional de Vinos Bacchus 2023<\/strong>, organizado por la <strong>Uni\u00f3n Espa\u00f1ola de Catadores (UEC)<\/strong>, anuncia la apertura de plazo de inscripci\u00f3n hasta el 17 de marzo. Pueden participar vinos de todas las latitudes y optar a los Grandes Bacchus de Oro, Bacchus de Oro y Bacchus de Plata.<\/p>\n<p>As\u00ed que empezamos el a\u00f1o calentando motores y haciendo hueco en nuestras vinotecas porque lo mejor, como casi siempre, est\u00e1 por venir. Tambi\u00e9n os digo que yo he empezado muy bien el a\u00f1o, que los Reyes me han tra\u00eddo unas botellitas de <strong>Casa Castillo Pie Franco 2020,<\/strong> de las que ya cuesta encontrar porque seg\u00fan Parker ( y much\u00edsima gente m\u00e1s), es un vino perfecto. Esperamos que este a\u00f1o se aproxime tambi\u00e9n a esa excelencia vin\u00edcola que tanto nos agrada.<\/p>\n<p>Seguimos.<\/p>\n<p><a href=\"https:\/\/www.ivoox.com\/enero-2023-y-buen-vino-audios-mp3_rf_101829482_1.html\" target=\"_blank\" rel=\"noopener\"><img loading=\"lazy\" decoding=\"async\" class=\"alignnone wp-image-892\" src=\"https:\/\/ybuenvino.com\/wp-content\/uploads\/2021\/10\/IVOOXLARGO.png\" alt=\"IVOOX\" width=\"150\" height=\"84\" \/><\/a> \u00a0\u00a0 \u00a0<a href=\"https:\/\/open.spotify.com\/episode\/3ywDFKhg3cpHY5boqIVh7H\" target=\"_blank\" rel=\"noopener\"><img loading=\"lazy\" decoding=\"async\" class=\"alignnone wp-image-893\" src=\"https:\/\/ybuenvino.com\/wp-content\/uploads\/2021\/10\/SPOTIFYLARGO-300x90.png\" alt=\"SPOTIFY\" width=\"150\" height=\"45\" srcset=\"https:\/\/ybuenvino.com\/wp-content\/uploads\/2021\/10\/SPOTIFYLARGO-300x90.png 300w, https:\/\/ybuenvino.com\/wp-content\/uploads\/2021\/10\/SPOTIFYLARGO-400x123.png 400w, https:\/\/ybuenvino.com\/wp-content\/uploads\/2021\/10\/SPOTIFYLARGO.png 410w\" sizes=\"auto, (max-width: 150px) 100vw, 150px\" \/><\/a><\/p>\n<p><iframe style=\"width: 100%;\" src=\"https:\/\/www.ivoox.com\/player_ej_101829482_6_1.html?c1=1b1a8e\" height=\"200\" frameborder=\"0\" scrolling=\"no\" allowfullscreen=\"allowfullscreen\"><\/iframe><\/p>\n","protected":false},"excerpt":{"rendered":"<p>Para el mundo del vino la cuesta de enero se hace con resaca, como procede. Resaca de ventas para los productores despu\u00e9s de las fiestas navide\u00f1as, la mejor \u00e9poca del a\u00f1o para vender uvas en botella; resaca del personal por los excesos navide\u00f1os, a veces regados de vinos elegidos por cu\u00f1ados que reflejan su sensibilidad [&hellip;]<\/p>\n","protected":false},"author":1,"featured_media":1022,"comment_status":"open","ping_status":"open","sticky":false,"template":"","format":"standard","meta":{"_et_pb_use_builder":"","_et_pb_old_content":"","_et_gb_content_width":"","_monsterinsights_skip_tracking":false,"_monsterinsights_sitenote_active":false,"_monsterinsights_sitenote_note":"","_monsterinsights_sitenote_category":0,"footnotes":""},"categories":[16],"tags":[],"class_list":["post-1021","post","type-post","status-publish","format-standard","has-post-thumbnail","hentry","category-noticias","et-has-post-format-content","et_post_format-et-post-format-standard"],"yoast_head":"<!-- This site is optimized with the Yoast SEO plugin v27.5 - https:\/\/yoast.com\/product\/yoast-seo-wordpress\/ -->\n<title>Enero de 2023 Y buen vino - Y buen vino<\/title>\n<meta name=\"description\" content=\"Enero: resaca navide\u00f1a, los primeros salones de vino, el \u00falimo Salvados del a\u00f1o,&quot;Bebo lo normal&quot;. La desaparici\u00f3n de Javier Zaccagnini, Casa Castillo Pie Franco 2020.\" \/>\n<meta name=\"robots\" content=\"index, follow, max-snippet:-1, max-image-preview:large, max-video-preview:-1\" \/>\n<link rel=\"canonical\" href=\"https:\/\/ybuenvino.com\/index.php\/2023\/01\/21\/enero-de-2023-y-buen-vino\/\" \/>\n<meta property=\"og:locale\" content=\"es_ES\" \/>\n<meta property=\"og:type\" content=\"article\" \/>\n<meta property=\"og:title\" content=\"Enero de 2023 Y buen vino - Y buen vino\" \/>\n<meta property=\"og:description\" content=\"Enero: resaca navide\u00f1a, los primeros salones de vino, el \u00falimo Salvados del a\u00f1o,&quot;Bebo lo normal&quot;. La desaparici\u00f3n de Javier Zaccagnini, Casa Castillo Pie Franco 2020.\" \/>\n<meta property=\"og:url\" content=\"https:\/\/ybuenvino.com\/index.php\/2023\/01\/21\/enero-de-2023-y-buen-vino\/\" \/>\n<meta property=\"og:site_name\" content=\"Y buen vino\" \/>\n<meta property=\"article:publisher\" content=\"https:\/\/www.facebook.com\/Buen-Vino-285329735753671\/\" \/>\n<meta property=\"article:published_time\" content=\"2023-01-21T15:26:33+00:00\" \/>\n<meta property=\"article:modified_time\" content=\"2023-02-20T23:32:49+00:00\" \/>\n<meta property=\"og:image\" content=\"https:\/\/ybuenvino.com\/wp-content\/uploads\/2023\/01\/blogenero2023.jpg\" \/>\n\t<meta property=\"og:image:width\" content=\"1000\" \/>\n\t<meta property=\"og:image:height\" content=\"590\" \/>\n\t<meta property=\"og:image:type\" content=\"image\/jpeg\" \/>\n<meta name=\"author\" content=\"Y buen vino\" \/>\n<meta name=\"twitter:card\" content=\"summary_large_image\" \/>\n<meta name=\"twitter:creator\" content=\"@ybuenvino\" \/>\n<meta name=\"twitter:site\" content=\"@ybuenvino\" \/>\n<meta name=\"twitter:label1\" content=\"Escrito por\" \/>\n\t<meta name=\"twitter:data1\" content=\"Y buen vino\" \/>\n\t<meta name=\"twitter:label2\" content=\"Tiempo de lectura\" \/>\n\t<meta name=\"twitter:data2\" content=\"4 minutos\" \/>\n<script type=\"application\/ld+json\" class=\"yoast-schema-graph\">{\"@context\":\"https:\\\/\\\/schema.org\",\"@graph\":[{\"@type\":\"Article\",\"@id\":\"https:\\\/\\\/ybuenvino.com\\\/index.php\\\/2023\\\/01\\\/21\\\/enero-de-2023-y-buen-vino\\\/#article\",\"isPartOf\":{\"@id\":\"https:\\\/\\\/ybuenvino.com\\\/index.php\\\/2023\\\/01\\\/21\\\/enero-de-2023-y-buen-vino\\\/\"},\"author\":{\"name\":\"Y buen vino\",\"@id\":\"https:\\\/\\\/ybuenvino.com\\\/#\\\/schema\\\/person\\\/3a6dc36bc3d11e0bc70eb233c9b51ac5\"},\"headline\":\"Enero de 2023 Y buen vino\",\"datePublished\":\"2023-01-21T15:26:33+00:00\",\"dateModified\":\"2023-02-20T23:32:49+00:00\",\"mainEntityOfPage\":{\"@id\":\"https:\\\/\\\/ybuenvino.com\\\/index.php\\\/2023\\\/01\\\/21\\\/enero-de-2023-y-buen-vino\\\/\"},\"wordCount\":743,\"commentCount\":0,\"publisher\":{\"@id\":\"https:\\\/\\\/ybuenvino.com\\\/#organization\"},\"image\":{\"@id\":\"https:\\\/\\\/ybuenvino.com\\\/index.php\\\/2023\\\/01\\\/21\\\/enero-de-2023-y-buen-vino\\\/#primaryimage\"},\"thumbnailUrl\":\"https:\\\/\\\/ybuenvino.com\\\/wp-content\\\/uploads\\\/2023\\\/01\\\/blogenero2023.jpg\",\"articleSection\":[\"Noticias\"],\"inLanguage\":\"es\",\"potentialAction\":[{\"@type\":\"CommentAction\",\"name\":\"Comment\",\"target\":[\"https:\\\/\\\/ybuenvino.com\\\/index.php\\\/2023\\\/01\\\/21\\\/enero-de-2023-y-buen-vino\\\/#respond\"]}]},{\"@type\":\"WebPage\",\"@id\":\"https:\\\/\\\/ybuenvino.com\\\/index.php\\\/2023\\\/01\\\/21\\\/enero-de-2023-y-buen-vino\\\/\",\"url\":\"https:\\\/\\\/ybuenvino.com\\\/index.php\\\/2023\\\/01\\\/21\\\/enero-de-2023-y-buen-vino\\\/\",\"name\":\"Enero de 2023 Y buen vino - Y buen vino\",\"isPartOf\":{\"@id\":\"https:\\\/\\\/ybuenvino.com\\\/#website\"},\"primaryImageOfPage\":{\"@id\":\"https:\\\/\\\/ybuenvino.com\\\/index.php\\\/2023\\\/01\\\/21\\\/enero-de-2023-y-buen-vino\\\/#primaryimage\"},\"image\":{\"@id\":\"https:\\\/\\\/ybuenvino.com\\\/index.php\\\/2023\\\/01\\\/21\\\/enero-de-2023-y-buen-vino\\\/#primaryimage\"},\"thumbnailUrl\":\"https:\\\/\\\/ybuenvino.com\\\/wp-content\\\/uploads\\\/2023\\\/01\\\/blogenero2023.jpg\",\"datePublished\":\"2023-01-21T15:26:33+00:00\",\"dateModified\":\"2023-02-20T23:32:49+00:00\",\"description\":\"Enero: resaca navide\u00f1a, los primeros salones de vino, el \u00falimo Salvados del a\u00f1o,\\\"Bebo lo normal\\\". La desaparici\u00f3n de Javier Zaccagnini, Casa Castillo Pie Franco 2020.\",\"breadcrumb\":{\"@id\":\"https:\\\/\\\/ybuenvino.com\\\/index.php\\\/2023\\\/01\\\/21\\\/enero-de-2023-y-buen-vino\\\/#breadcrumb\"},\"inLanguage\":\"es\",\"potentialAction\":[{\"@type\":\"ReadAction\",\"target\":[\"https:\\\/\\\/ybuenvino.com\\\/index.php\\\/2023\\\/01\\\/21\\\/enero-de-2023-y-buen-vino\\\/\"]}]},{\"@type\":\"ImageObject\",\"inLanguage\":\"es\",\"@id\":\"https:\\\/\\\/ybuenvino.com\\\/index.php\\\/2023\\\/01\\\/21\\\/enero-de-2023-y-buen-vino\\\/#primaryimage\",\"url\":\"https:\\\/\\\/ybuenvino.com\\\/wp-content\\\/uploads\\\/2023\\\/01\\\/blogenero2023.jpg\",\"contentUrl\":\"https:\\\/\\\/ybuenvino.com\\\/wp-content\\\/uploads\\\/2023\\\/01\\\/blogenero2023.jpg\",\"width\":1000,\"height\":590,\"caption\":\"Enero 2023 y buen vino\"},{\"@type\":\"BreadcrumbList\",\"@id\":\"https:\\\/\\\/ybuenvino.com\\\/index.php\\\/2023\\\/01\\\/21\\\/enero-de-2023-y-buen-vino\\\/#breadcrumb\",\"itemListElement\":[{\"@type\":\"ListItem\",\"position\":1,\"name\":\"Portada\",\"item\":\"https:\\\/\\\/ybuenvino.com\\\/\"},{\"@type\":\"ListItem\",\"position\":2,\"name\":\"Enero de 2023 Y buen vino\"}]},{\"@type\":\"WebSite\",\"@id\":\"https:\\\/\\\/ybuenvino.com\\\/#website\",\"url\":\"https:\\\/\\\/ybuenvino.com\\\/\",\"name\":\"Y buen vino\",\"description\":\"Pasi&oacute;n por el vino\",\"publisher\":{\"@id\":\"https:\\\/\\\/ybuenvino.com\\\/#organization\"},\"potentialAction\":[{\"@type\":\"SearchAction\",\"target\":{\"@type\":\"EntryPoint\",\"urlTemplate\":\"https:\\\/\\\/ybuenvino.com\\\/?s={search_term_string}\"},\"query-input\":{\"@type\":\"PropertyValueSpecification\",\"valueRequired\":true,\"valueName\":\"search_term_string\"}}],\"inLanguage\":\"es\"},{\"@type\":\"Organization\",\"@id\":\"https:\\\/\\\/ybuenvino.com\\\/#organization\",\"name\":\"Y Buen Vino\",\"url\":\"https:\\\/\\\/ybuenvino.com\\\/\",\"logo\":{\"@type\":\"ImageObject\",\"inLanguage\":\"es\",\"@id\":\"https:\\\/\\\/ybuenvino.com\\\/#\\\/schema\\\/logo\\\/image\\\/\",\"url\":\"https:\\\/\\\/ybuenvino.com\\\/wp-content\\\/uploads\\\/2020\\\/07\\\/buenvinomancha.jpg\",\"contentUrl\":\"https:\\\/\\\/ybuenvino.com\\\/wp-content\\\/uploads\\\/2020\\\/07\\\/buenvinomancha.jpg\",\"width\":500,\"height\":500,\"caption\":\"Y Buen Vino\"},\"image\":{\"@id\":\"https:\\\/\\\/ybuenvino.com\\\/#\\\/schema\\\/logo\\\/image\\\/\"},\"sameAs\":[\"https:\\\/\\\/www.facebook.com\\\/Buen-Vino-285329735753671\\\/\",\"https:\\\/\\\/x.com\\\/ybuenvino\",\"https:\\\/\\\/www.instagram.com\\\/ybuenvino\\\/\"]},{\"@type\":\"Person\",\"@id\":\"https:\\\/\\\/ybuenvino.com\\\/#\\\/schema\\\/person\\\/3a6dc36bc3d11e0bc70eb233c9b51ac5\",\"name\":\"Y buen vino\",\"image\":{\"@type\":\"ImageObject\",\"inLanguage\":\"es\",\"@id\":\"https:\\\/\\\/secure.gravatar.com\\\/avatar\\\/ddcb159ff52311e0da6ab147e449200f467643cf24f6f8ac815333c0c84c401e?s=96&d=mm&r=g\",\"url\":\"https:\\\/\\\/secure.gravatar.com\\\/avatar\\\/ddcb159ff52311e0da6ab147e449200f467643cf24f6f8ac815333c0c84c401e?s=96&d=mm&r=g\",\"contentUrl\":\"https:\\\/\\\/secure.gravatar.com\\\/avatar\\\/ddcb159ff52311e0da6ab147e449200f467643cf24f6f8ac815333c0c84c401e?s=96&d=mm&r=g\",\"caption\":\"Y buen vino\"},\"sameAs\":[\"https:\\\/\\\/ybuenvino.com\"]}]}<\/script>\n<!-- \/ Yoast SEO plugin. -->","yoast_head_json":{"title":"Enero de 2023 Y buen vino - Y buen vino","description":"Enero: resaca navide\u00f1a, los primeros salones de vino, el \u00falimo Salvados del a\u00f1o,\"Bebo lo normal\". La desaparici\u00f3n de Javier Zaccagnini, Casa Castillo Pie Franco 2020.","robots":{"index":"index","follow":"follow","max-snippet":"max-snippet:-1","max-image-preview":"max-image-preview:large","max-video-preview":"max-video-preview:-1"},"canonical":"https:\/\/ybuenvino.com\/index.php\/2023\/01\/21\/enero-de-2023-y-buen-vino\/","og_locale":"es_ES","og_type":"article","og_title":"Enero de 2023 Y buen vino - Y buen vino","og_description":"Enero: resaca navide\u00f1a, los primeros salones de vino, el \u00falimo Salvados del a\u00f1o,\"Bebo lo normal\". La desaparici\u00f3n de Javier Zaccagnini, Casa Castillo Pie Franco 2020.","og_url":"https:\/\/ybuenvino.com\/index.php\/2023\/01\/21\/enero-de-2023-y-buen-vino\/","og_site_name":"Y buen vino","article_publisher":"https:\/\/www.facebook.com\/Buen-Vino-285329735753671\/","article_published_time":"2023-01-21T15:26:33+00:00","article_modified_time":"2023-02-20T23:32:49+00:00","og_image":[{"width":1000,"height":590,"url":"https:\/\/ybuenvino.com\/wp-content\/uploads\/2023\/01\/blogenero2023.jpg","type":"image\/jpeg"}],"author":"Y buen vino","twitter_card":"summary_large_image","twitter_creator":"@ybuenvino","twitter_site":"@ybuenvino","twitter_misc":{"Escrito por":"Y buen vino","Tiempo de lectura":"4 minutos"},"schema":{"@context":"https:\/\/schema.org","@graph":[{"@type":"Article","@id":"https:\/\/ybuenvino.com\/index.php\/2023\/01\/21\/enero-de-2023-y-buen-vino\/#article","isPartOf":{"@id":"https:\/\/ybuenvino.com\/index.php\/2023\/01\/21\/enero-de-2023-y-buen-vino\/"},"author":{"name":"Y buen vino","@id":"https:\/\/ybuenvino.com\/#\/schema\/person\/3a6dc36bc3d11e0bc70eb233c9b51ac5"},"headline":"Enero de 2023 Y buen vino","datePublished":"2023-01-21T15:26:33+00:00","dateModified":"2023-02-20T23:32:49+00:00","mainEntityOfPage":{"@id":"https:\/\/ybuenvino.com\/index.php\/2023\/01\/21\/enero-de-2023-y-buen-vino\/"},"wordCount":743,"commentCount":0,"publisher":{"@id":"https:\/\/ybuenvino.com\/#organization"},"image":{"@id":"https:\/\/ybuenvino.com\/index.php\/2023\/01\/21\/enero-de-2023-y-buen-vino\/#primaryimage"},"thumbnailUrl":"https:\/\/ybuenvino.com\/wp-content\/uploads\/2023\/01\/blogenero2023.jpg","articleSection":["Noticias"],"inLanguage":"es","potentialAction":[{"@type":"CommentAction","name":"Comment","target":["https:\/\/ybuenvino.com\/index.php\/2023\/01\/21\/enero-de-2023-y-buen-vino\/#respond"]}]},{"@type":"WebPage","@id":"https:\/\/ybuenvino.com\/index.php\/2023\/01\/21\/enero-de-2023-y-buen-vino\/","url":"https:\/\/ybuenvino.com\/index.php\/2023\/01\/21\/enero-de-2023-y-buen-vino\/","name":"Enero de 2023 Y buen vino - Y buen vino","isPartOf":{"@id":"https:\/\/ybuenvino.com\/#website"},"primaryImageOfPage":{"@id":"https:\/\/ybuenvino.com\/index.php\/2023\/01\/21\/enero-de-2023-y-buen-vino\/#primaryimage"},"image":{"@id":"https:\/\/ybuenvino.com\/index.php\/2023\/01\/21\/enero-de-2023-y-buen-vino\/#primaryimage"},"thumbnailUrl":"https:\/\/ybuenvino.com\/wp-content\/uploads\/2023\/01\/blogenero2023.jpg","datePublished":"2023-01-21T15:26:33+00:00","dateModified":"2023-02-20T23:32:49+00:00","description":"Enero: resaca navide\u00f1a, los primeros salones de vino, el \u00falimo Salvados del a\u00f1o,\"Bebo lo normal\". La desaparici\u00f3n de Javier Zaccagnini, Casa Castillo Pie Franco 2020.","breadcrumb":{"@id":"https:\/\/ybuenvino.com\/index.php\/2023\/01\/21\/enero-de-2023-y-buen-vino\/#breadcrumb"},"inLanguage":"es","potentialAction":[{"@type":"ReadAction","target":["https:\/\/ybuenvino.com\/index.php\/2023\/01\/21\/enero-de-2023-y-buen-vino\/"]}]},{"@type":"ImageObject","inLanguage":"es","@id":"https:\/\/ybuenvino.com\/index.php\/2023\/01\/21\/enero-de-2023-y-buen-vino\/#primaryimage","url":"https:\/\/ybuenvino.com\/wp-content\/uploads\/2023\/01\/blogenero2023.jpg","contentUrl":"https:\/\/ybuenvino.com\/wp-content\/uploads\/2023\/01\/blogenero2023.jpg","width":1000,"height":590,"caption":"Enero 2023 y buen vino"},{"@type":"BreadcrumbList","@id":"https:\/\/ybuenvino.com\/index.php\/2023\/01\/21\/enero-de-2023-y-buen-vino\/#breadcrumb","itemListElement":[{"@type":"ListItem","position":1,"name":"Portada","item":"https:\/\/ybuenvino.com\/"},{"@type":"ListItem","position":2,"name":"Enero de 2023 Y buen vino"}]},{"@type":"WebSite","@id":"https:\/\/ybuenvino.com\/#website","url":"https:\/\/ybuenvino.com\/","name":"Y buen vino","description":"Pasi&oacute;n por el vino","publisher":{"@id":"https:\/\/ybuenvino.com\/#organization"},"potentialAction":[{"@type":"SearchAction","target":{"@type":"EntryPoint","urlTemplate":"https:\/\/ybuenvino.com\/?s={search_term_string}"},"query-input":{"@type":"PropertyValueSpecification","valueRequired":true,"valueName":"search_term_string"}}],"inLanguage":"es"},{"@type":"Organization","@id":"https:\/\/ybuenvino.com\/#organization","name":"Y Buen Vino","url":"https:\/\/ybuenvino.com\/","logo":{"@type":"ImageObject","inLanguage":"es","@id":"https:\/\/ybuenvino.com\/#\/schema\/logo\/image\/","url":"https:\/\/ybuenvino.com\/wp-content\/uploads\/2020\/07\/buenvinomancha.jpg","contentUrl":"https:\/\/ybuenvino.com\/wp-content\/uploads\/2020\/07\/buenvinomancha.jpg","width":500,"height":500,"caption":"Y Buen Vino"},"image":{"@id":"https:\/\/ybuenvino.com\/#\/schema\/logo\/image\/"},"sameAs":["https:\/\/www.facebook.com\/Buen-Vino-285329735753671\/","https:\/\/x.com\/ybuenvino","https:\/\/www.instagram.com\/ybuenvino\/"]},{"@type":"Person","@id":"https:\/\/ybuenvino.com\/#\/schema\/person\/3a6dc36bc3d11e0bc70eb233c9b51ac5","name":"Y buen vino","image":{"@type":"ImageObject","inLanguage":"es","@id":"https:\/\/secure.gravatar.com\/avatar\/ddcb159ff52311e0da6ab147e449200f467643cf24f6f8ac815333c0c84c401e?s=96&d=mm&r=g","url":"https:\/\/secure.gravatar.com\/avatar\/ddcb159ff52311e0da6ab147e449200f467643cf24f6f8ac815333c0c84c401e?s=96&d=mm&r=g","contentUrl":"https:\/\/secure.gravatar.com\/avatar\/ddcb159ff52311e0da6ab147e449200f467643cf24f6f8ac815333c0c84c401e?s=96&d=mm&r=g","caption":"Y buen vino"},"sameAs":["https:\/\/ybuenvino.com"]}]}},"_links":{"self":[{"href":"https:\/\/ybuenvino.com\/index.php\/wp-json\/wp\/v2\/posts\/1021","targetHints":{"allow":["GET"]}}],"collection":[{"href":"https:\/\/ybuenvino.com\/index.php\/wp-json\/wp\/v2\/posts"}],"about":[{"href":"https:\/\/ybuenvino.com\/index.php\/wp-json\/wp\/v2\/types\/post"}],"author":[{"embeddable":true,"href":"https:\/\/ybuenvino.com\/index.php\/wp-json\/wp\/v2\/users\/1"}],"replies":[{"embeddable":true,"href":"https:\/\/ybuenvino.com\/index.php\/wp-json\/wp\/v2\/comments?post=1021"}],"version-history":[{"count":3,"href":"https:\/\/ybuenvino.com\/index.php\/wp-json\/wp\/v2\/posts\/1021\/revisions"}],"predecessor-version":[{"id":1025,"href":"https:\/\/ybuenvino.com\/index.php\/wp-json\/wp\/v2\/posts\/1021\/revisions\/1025"}],"wp:featuredmedia":[{"embeddable":true,"href":"https:\/\/ybuenvino.com\/index.php\/wp-json\/wp\/v2\/media\/1022"}],"wp:attachment":[{"href":"https:\/\/ybuenvino.com\/index.php\/wp-json\/wp\/v2\/media?parent=1021"}],"wp:term":[{"taxonomy":"category","embeddable":true,"href":"https:\/\/ybuenvino.com\/index.php\/wp-json\/wp\/v2\/categories?post=1021"},{"taxonomy":"post_tag","embeddable":true,"href":"https:\/\/ybuenvino.com\/index.php\/wp-json\/wp\/v2\/tags?post=1021"}],"curies":[{"name":"wp","href":"https:\/\/api.w.org\/{rel}","templated":true}]}}